{"id":1,"date":"2024-12-06T19:24:08","date_gmt":"2024-12-06T19:24:08","guid":{"rendered":"https:\/\/comunicadores.org.py\/?p=1"},"modified":"2025-02-04T13:03:11","modified_gmt":"2025-02-04T13:03:11","slug":"unesco-organizacion-de-las-naciones-unidas","status":"publish","type":"post","link":"https:\/\/comunicadores.org.py\/index.php\/2024\/12\/06\/unesco-organizacion-de-las-naciones-unidas\/profesionalizacion\/","title":{"rendered":"UNESCO &#8211; Organizaci\u00f3n de las Naciones Unidas"},"content":{"rendered":"\n<h2 class=\"wp-block-heading has-white-color has-black-background-color has-text-color has-background has-link-color wp-elements-c4d5e6f746e1cb2d7c31c59909df3570\">Modelo de protocolo de intervenci\u00f3n e interacci\u00f3n de las fuerzas de seguridad con periodistas, comunicadores y medios de comunicaci\u00f3n.<\/h2>\n\n\n\n<p>Esta publicaci\u00f3n tiene por objetivo servir de referencia en la elaboraci\u00f3n o actualizaci\u00f3n de protocolos nacionales para las fuerzas del orden y su interacci\u00f3n con medios de comunicaci\u00f3n, en conformidad con est\u00e1ndares internacionales sobre libertad de expresi\u00f3n, acceso a la informaci\u00f3n y seguridad de los periodistas.<\/p>\n\n\n\n<p>Contiene 5 cap\u00edtulos, en cuyas secciones desarrolla los siguientes temas: <strong>I.<\/strong> Relaci\u00f3n de las fuerzas de seguridad con las y los periodistas con contextos de protesta social, <strong>II.<\/strong> Investigaciones de delitos por partes de las fuerzas de seguridad y el acceso de la informaci\u00f3n a la prensa, <strong>III.<\/strong> Las amenazas y otras agresiones a la prensa y las respuestas de las fuerzas de seguridad para prevenirlos e investigarlos con perspectiva de g\u00e9nero, <strong>IV.<\/strong> Formaci\u00f3n, V. Buenas pr\u00e1cticas. Contiene adem\u00e1s un listado de documentos y bibliograf\u00eda relevante, con los links para acceder a ellos.<\/p>\n\n\n\n<p><strong><em>Disponible para lectura en formato digital \u00a0y descarga en \u00a0el siguiente link:<\/em><\/strong><\/p>\n\n\n\n<p><a href=\"https:\/\/unesdoc.unesco.org\/ark:\/48223\/pf0000384739\">https:\/\/unesdoc.unesco.org\/ark:\/48223\/pf0000384739<\/a><\/p>\n\n\n\n<p>En caso de precisar una copia, contactar a <a href=\"https:\/\/unesdoc.unesco.org\/ark:\/48223\/library@unesco.org\">library@unesco.org<\/a><\/p>\n\n\n\n<p><strong>Sobre el \u00a0autor<\/strong>: <\/p>\n\n\n\n<p><strong>UNESCO &#8211; <\/strong><strong>Organizaci\u00f3n de las Naciones Unidas<\/strong><\/p>\n\n\n\n<p><strong>&nbsp;para la Educaci\u00f3n, la Ciencia y la Cultura<\/strong><strong><\/strong><\/p>\n\n\n\n<p><strong>Biblioteca digital<\/strong><\/p>\n\n\n\n<p><a href=\"https:\/\/unesdoc.unesco.org\/inicio\">https:\/\/unesdoc.unesco.org\/inicio<\/a><\/p>\n\n\n\n<p>Como biblioteca de un&nbsp;organismo especializado de las Naciones Unidas, la colecci\u00f3n de la Biblioteca de la UNESCO contiene pr\u00e1cticamente todas las publicaciones elaboradas por la UNESCO o bajo sus auspicios, as\u00ed como una selecci\u00f3n de obras acad\u00e9micas dedicadas a los \u00e1mbitos abarcados por los programas a saber:&nbsp;<a href=\"https:\/\/es.unesco.org\/themes\/education\">la educaci\u00f3n<\/a>,&nbsp;<a href=\"https:\/\/es.unesco.org\/themes\/proteger-patrimonio-y-fomentar-creatividad\">la cultura<\/a>,<a href=\"https:\/\/es.unesco.org\/themes\/ciencia-al-servicio-futuro-sostenible\">&nbsp;las ciencias exactas y naturales<\/a>,&nbsp;<a href=\"https:\/\/es.unesco.org\/themes\/aprender-convivir\">las ciencias sociales y humanas<\/a>,&nbsp;<a href=\"http:\/\/www.unesco.org\/new\/es\/communication-and-information\/\">la&nbsp;comunicaci\u00f3n e informaci\u00f3n<\/a>.<\/p>\n\n\n\n<p>La Biblioteca Digital es el dep\u00f3sito de la memoria institucional de la UNESCO y una fuente de informaci\u00f3n de alta calidad sobre sus actividades&nbsp; con m\u00e1s de 350.000 documentos que datan de 1945. Incluye las colecciones de la Biblioteca de la UNESCO y varios centros de documentaci\u00f3n en las oficinas fuera de la Sede, Institutos &nbsp;y archivos de la instituci\u00f3n<\/p>\n","protected":false},"excerpt":{"rendered":"<p>Modelo de protocolo de intervenci\u00f3n e interacci\u00f3n de las fuerzas de seguridad con periodistas, comunicadores y medios de comunicaci\u00f3n. Esta publicaci\u00f3n tiene por objetivo servir de referencia en la elaboraci\u00f3n o actualizaci\u00f3n de protocolos nacionales para las fuerzas del&hellip;<\/p>\n","protected":false},"author":1,"featured_media":133,"comment_status":"closed","ping_status":"closed","sticky":false,"template":"","format":"standard","meta":{"footnotes":""},"categories":[4],"tags":[],"class_list":["post-1","post","type-post","status-publish","format-standard","has-post-thumbnail","hentry","category-profesionalizacion"],"_links":{"self":[{"href":"https:\/\/comunicadores.org.py\/index.php\/wp-json\/wp\/v2\/posts\/1","targetHints":{"allow":["GET"]}}],"collection":[{"href":"https:\/\/comunicadores.org.py\/index.php\/wp-json\/wp\/v2\/posts"}],"about":[{"href":"https:\/\/comunicadores.org.py\/index.php\/wp-json\/wp\/v2\/types\/post"}],"author":[{"embeddable":true,"href":"https:\/\/comunicadores.org.py\/index.php\/wp-json\/wp\/v2\/users\/1"}],"replies":[{"embeddable":true,"href":"https:\/\/comunicadores.org.py\/index.php\/wp-json\/wp\/v2\/comments?post=1"}],"version-history":[{"count":3,"href":"https:\/\/comunicadores.org.py\/index.php\/wp-json\/wp\/v2\/posts\/1\/revisions"}],"predecessor-version":[{"id":185,"href":"https:\/\/comunicadores.org.py\/index.php\/wp-json\/wp\/v2\/posts\/1\/revisions\/185"}],"wp:featuredmedia":[{"embeddable":true,"href":"https:\/\/comunicadores.org.py\/index.php\/wp-json\/wp\/v2\/media\/133"}],"wp:attachment":[{"href":"https:\/\/comunicadores.org.py\/index.php\/wp-json\/wp\/v2\/media?parent=1"}],"wp:term":[{"taxonomy":"category","embeddable":true,"href":"https:\/\/comunicadores.org.py\/index.php\/wp-json\/wp\/v2\/categories?post=1"},{"taxonomy":"post_tag","embeddable":true,"href":"https:\/\/comunicadores.org.py\/index.php\/wp-json\/wp\/v2\/tags?post=1"}],"curies":[{"name":"wp","href":"https:\/\/api.w.org\/{rel}","templated":true}]}}