{"id":152,"date":"2024-12-30T22:36:22","date_gmt":"2024-12-30T22:36:22","guid":{"rendered":"https:\/\/comunicadores.org.py\/?p=152"},"modified":"2025-02-04T12:35:37","modified_gmt":"2025-02-04T12:35:37","slug":"balance-2024-de-reporteros-sin-fronteras-rsf","status":"publish","type":"post","link":"https:\/\/comunicadores.org.py\/index.php\/2024\/12\/30\/balance-2024-de-reporteros-sin-fronteras-rsf\/noticias\/","title":{"rendered":"Balance 2024 de Reporteros Sin Fronteras (RSF)"},"content":{"rendered":"\n<p class=\"has-text-align-center has-white-color has-black-background-color has-text-color has-background has-link-color has-medium-font-size wp-elements-681cb0a473eb2dd7f3c2901a2b82cc48\"><a href=\"https:\/\/www.facebook.com\/hashtag\/datos?__eep__=6&amp;__cft__[0]=AZW3_SiWmR9XWtE2hqM_OtJDj1qBPFxqu_HZhPqJT54pc4Hegj_zOJCP3mONxbREDvq4mXDmDUZrXpWGJZS7SNAQIqeR22bcdZ5sECcWOGmgHUdXEPMrtvd1ZHSsOt1IihGxofB5bIBoAQbAlMj4vvzh7JBx-8b1PkPo0DBWn7qmzleTM-k9Gj71y813b4_HkGY&amp;__tn__=*NK-R\">#Datos<\/a> y <a href=\"https:\/\/www.facebook.com\/hashtag\/noticias?__eep__=6&amp;__cft__[0]=AZW3_SiWmR9XWtE2hqM_OtJDj1qBPFxqu_HZhPqJT54pc4Hegj_zOJCP3mONxbREDvq4mXDmDUZrXpWGJZS7SNAQIqeR22bcdZ5sECcWOGmgHUdXEPMrtvd1ZHSsOt1IihGxofB5bIBoAQbAlMj4vvzh7JBx-8b1PkPo0DBWn7qmzleTM-k9Gj71y813b4_HkGY&amp;__tn__=*NK-R\">#Noticias<\/a><img loading=\"lazy\" decoding=\"async\" height=\"16\" width=\"16\" src=\"https:\/\/static.xx.fbcdn.net\/images\/emoji.php\/v9\/tba\/1\/16\/1f4e3.png\" alt=\"\ud83d\udce3\">2024: El alto precio humano del periodismo en conflictos y reg\u00edmenes opresores.<\/p>\n\n\n\n<p><img loading=\"lazy\" decoding=\"async\" height=\"16\" width=\"16\" alt=\"\ud83e\udd79\" src=\"https:\/\/static.xx.fbcdn.net\/images\/emoji.php\/v9\/t73\/1\/16\/1f979.png\">El Balance 2024 de Reporteros Sin Fronteras (RSF) revela un aumento alarmante en los ataques contra periodistas, especialmente en zonas de conflicto, donde <a><\/a>se concentra la mitad de los asesinatos registrados este a\u00f1o.<\/p>\n\n\n\n<p><img loading=\"lazy\" decoding=\"async\" height=\"16\" width=\"16\" alt=\"\ud83c\udfa5\" src=\"https:\/\/static.xx.fbcdn.net\/images\/emoji.php\/v9\/tff\/1\/16\/1f3a5.png\"><img loading=\"lazy\" decoding=\"async\" height=\"16\" width=\"16\" alt=\"\ud83d\udcf8\" src=\"https:\/\/static.xx.fbcdn.net\/images\/emoji.php\/v9\/tde\/1\/16\/1f4f8.png\">Gaza se afianza como la zona m\u00e1s peligrosa del mundo en 2024, y como el territorio con mayor n\u00famero de periodistas asesinados en el ejercicio de sus funciones en los \u00faltimos cinco a\u00f1os. El Ej\u00e9rcito israel\u00ed ha matado a m\u00e1s de 145 periodistas <img loading=\"lazy\" decoding=\"async\" height=\"16\" width=\"16\" alt=\"\ud83c\udf99\" src=\"https:\/\/static.xx.fbcdn.net\/images\/emoji.php\/v9\/t2b\/1\/16\/1f399.png\">desde octubre de 2023, de los cuales al menos 35 han sido deliberadamente asesinados durante su trabajo o debido a \u00e9l.<\/p>\n\n\n\n<p><img loading=\"lazy\" decoding=\"async\" height=\"16\" width=\"16\" alt=\"\ud83c\udf0e\" src=\"https:\/\/static.xx.fbcdn.net\/images\/emoji.php\/v9\/tc0\/1\/16\/1f30e.png\">A nivel global, 550 periodistas est\u00e1n encarcelados, lo que representa un incremento del 7% respecto al a\u00f1o anterior. <img loading=\"lazy\" decoding=\"async\" height=\"16\" width=\"16\" alt=\"\ud83d\udcfb\" src=\"https:\/\/static.xx.fbcdn.net\/images\/emoji.php\/v9\/t8\/1\/16\/1f4fb.png\">Esta violencia, a menudo perpetrada por gobiernos y grupos armados con impunidad, exige respuestas urgentes. RSF hace un llamado a implementar medidas inmediatas para proteger a los periodistas y salvaguardar el periodismo como derecho fundamental.<\/p>\n\n\n\n<p><img loading=\"lazy\" decoding=\"async\" height=\"16\" width=\"16\" alt=\"\ud83d\udcf2\" src=\"https:\/\/static.xx.fbcdn.net\/images\/emoji.php\/v9\/td8\/1\/16\/1f4f2.png\">Lee toda la informaci\u00f3n: <a href=\"https:\/\/l.facebook.com\/l.php?u=https%3A%2F%2Facortar.link%2Fy8w7dx%3Ffbclid%3DIwZXh0bgNhZW0CMTAAAR1U79zkXYxU7EpSkKfkYI9K2NMSORpz2jnXJE9qL1fanItf_x0Y2zBKOsY_aem_er0pbOup2J9lzBMvj6q9Zw&amp;h=AT0mSYMUiohKdT_t0e4qRt2zAqbJtop9qtUF--s0WtlFvNo81prp7p5AV7Dj0YhtPKOJutXx7LZIC865s-tFoRy1kWqaJqIKtvAK-5sR8Jz_DmDDG4C0w6sUKnbZY0Lk7yqpd9EspKWZPUFAavzO&amp;__tn__=-UK-R&amp;c[0]=AT2Ux6adYn6PHv-tHOIhoRGLPhSTU2TDZ-L_WEJ6TzSzHLgkec0n4hyJld8aTDc0uhlKeGw2YL6EByf1FC2b5rc78hjSES5_dbQKac6lAEJx7YWXvcLIWw6Ju5vqdAea261u6k2L656hY3Wglz1jXYiNN4hFy3QmDu7_gJm17XFLZmhhI3jDvvymyu4vFf4sA0h5VzcmxEoYMb71nU47seiKGKw\" rel=\"noreferrer noopener\" target=\"_blank\">https:\/\/acortar.link\/y8w7dx<\/a><\/p>\n\n\n\n<p><a href=\"https:\/\/www.facebook.com\/hashtag\/periodismo?__eep__=6&amp;__cft__[0]=AZW3_SiWmR9XWtE2hqM_OtJDj1qBPFxqu_HZhPqJT54pc4Hegj_zOJCP3mONxbREDvq4mXDmDUZrXpWGJZS7SNAQIqeR22bcdZ5sECcWOGmgHUdXEPMrtvd1ZHSsOt1IihGxofB5bIBoAQbAlMj4vvzh7JBx-8b1PkPo0DBWn7qmzleTM-k9Gj71y813b4_HkGY&amp;__tn__=*NK-R\">#Periodismo<\/a><a href=\"https:\/\/www.facebook.com\/hashtag\/periodistas?__eep__=6&amp;__cft__[0]=AZW3_SiWmR9XWtE2hqM_OtJDj1qBPFxqu_HZhPqJT54pc4Hegj_zOJCP3mONxbREDvq4mXDmDUZrXpWGJZS7SNAQIqeR22bcdZ5sECcWOGmgHUdXEPMrtvd1ZHSsOt1IihGxofB5bIBoAQbAlMj4vvzh7JBx-8b1PkPo0DBWn7qmzleTM-k9Gj71y813b4_HkGY&amp;__tn__=*NK-R\">#Periodistas<\/a><a href=\"https:\/\/www.facebook.com\/hashtag\/comunicaci%C3%B3n?__eep__=6&amp;__cft__[0]=AZW3_SiWmR9XWtE2hqM_OtJDj1qBPFxqu_HZhPqJT54pc4Hegj_zOJCP3mONxbREDvq4mXDmDUZrXpWGJZS7SNAQIqeR22bcdZ5sECcWOGmgHUdXEPMrtvd1ZHSsOt1IihGxofB5bIBoAQbAlMj4vvzh7JBx-8b1PkPo0DBWn7qmzleTM-k9Gj71y813b4_HkGY&amp;__tn__=*NK-R\">#Comunicaci\u00f3n<\/a><a href=\"https:\/\/www.facebook.com\/hashtag\/balance2024?__eep__=6&amp;__cft__[0]=AZW3_SiWmR9XWtE2hqM_OtJDj1qBPFxqu_HZhPqJT54pc4Hegj_zOJCP3mONxbREDvq4mXDmDUZrXpWGJZS7SNAQIqeR22bcdZ5sECcWOGmgHUdXEPMrtvd1ZHSsOt1IihGxofB5bIBoAQbAlMj4vvzh7JBx-8b1PkPo0DBWn7qmzleTM-k9Gj71y813b4_HkGY&amp;__tn__=*NK-R\">#Balance2024<\/a><\/p>\n","protected":false},"excerpt":{"rendered":"<p>#Datos y #Noticias2024: El alto precio humano del periodismo en conflictos y reg\u00edmenes opresores. El Balance 2024 de Reporteros Sin Fronteras (RSF) revela un aumento alarmante en los ataques contra periodistas, especialmente en zonas de conflicto, donde se concentra&hellip;<\/p>\n","protected":false},"author":1,"featured_media":153,"comment_status":"open","ping_status":"closed","sticky":false,"template":"","format":"standard","meta":{"footnotes":""},"categories":[5],"tags":[],"class_list":["post-152","post","type-post","status-publish","format-standard","has-post-thumbnail","hentry","category-noticias"],"_links":{"self":[{"href":"https:\/\/comunicadores.org.py\/index.php\/wp-json\/wp\/v2\/posts\/152","targetHints":{"allow":["GET"]}}],"collection":[{"href":"https:\/\/comunicadores.org.py\/index.php\/wp-json\/wp\/v2\/posts"}],"about":[{"href":"https:\/\/comunicadores.org.py\/index.php\/wp-json\/wp\/v2\/types\/post"}],"author":[{"embeddable":true,"href":"https:\/\/comunicadores.org.py\/index.php\/wp-json\/wp\/v2\/users\/1"}],"replies":[{"embeddable":true,"href":"https:\/\/comunicadores.org.py\/index.php\/wp-json\/wp\/v2\/comments?post=152"}],"version-history":[{"count":2,"href":"https:\/\/comunicadores.org.py\/index.php\/wp-json\/wp\/v2\/posts\/152\/revisions"}],"predecessor-version":[{"id":172,"href":"https:\/\/comunicadores.org.py\/index.php\/wp-json\/wp\/v2\/posts\/152\/revisions\/172"}],"wp:featuredmedia":[{"embeddable":true,"href":"https:\/\/comunicadores.org.py\/index.php\/wp-json\/wp\/v2\/media\/153"}],"wp:attachment":[{"href":"https:\/\/comunicadores.org.py\/index.php\/wp-json\/wp\/v2\/media?parent=152"}],"wp:term":[{"taxonomy":"category","embeddable":true,"href":"https:\/\/comunicadores.org.py\/index.php\/wp-json\/wp\/v2\/categories?post=152"},{"taxonomy":"post_tag","embeddable":true,"href":"https:\/\/comunicadores.org.py\/index.php\/wp-json\/wp\/v2\/tags?post=152"}],"curies":[{"name":"wp","href":"https:\/\/api.w.org\/{rel}","templated":true}]}}