{"id":220,"date":"2025-03-29T22:14:12","date_gmt":"2025-03-29T22:14:12","guid":{"rendered":"https:\/\/comunicadores.org.py\/?p=220"},"modified":"2025-03-29T22:15:06","modified_gmt":"2025-03-29T22:15:06","slug":"guia-de-planificacion-participativa-de-estrategias-de-comunicacion-en-salud","status":"publish","type":"post","link":"https:\/\/comunicadores.org.py\/index.php\/2025\/03\/29\/guia-de-planificacion-participativa-de-estrategias-de-comunicacion-en-salud\/investigacion\/","title":{"rendered":"Gu\u00eda de planificaci\u00f3n participativa de estrategias de comunicaci\u00f3n en salud"},"content":{"rendered":"\n<p><strong>Autor: Dr. Juan D\u00edaz Bordenave<\/strong><\/p>\n\n\n\n<p><strong>Ministerio de Salud P\u00fablica y Bienestar Social<\/strong><\/p>\n\n\n\n<p><strong>Agencia<\/strong> <strong>Canadiense de Cooperaci\u00f3n para el Desarrollo Internacional-<\/strong> <strong>Organizaci\u00f3n Panamericana de la Salud (OPS)- UNICEF<\/strong><\/p>\n\n\n\n<p>Este material desarrolla conceptos, estrategias y herramientas pr\u00e1cticas para una comunicaci\u00f3n eficiente en la implementaci\u00f3n de programas de salud p\u00fablica. La comunicaci\u00f3n para salud se concibe como un factor estrat\u00e9gico para la difusi\u00f3n de conocimientos, la modificaci\u00f3n o el reforzamiento de comportamientos, y el est\u00edmulo de procesos comunitarios para lograr el mejoramiento de la calidad de vida y hacer efectivo el derecho a la salud a nivel individual y colectivo.<\/p>\n\n\n\n<p>Desde los cambios de paradigma en la comunicaci\u00f3n y en el enfoque de salud, pasando por las etapas de planificaci\u00f3n hasta las propuestas de t\u00e9cnicas, medios y herramientas a utilizar a nivel comunitario, esta Gu\u00eda es un material de consulta accesible y pr\u00e1ctico tanto para profesionales de la comunicaci\u00f3n, como de la salud y de las ciencias sociales que trabajan en programas y proyectos de salud, con enfoque de participaci\u00f3n comunitaria y cambio social.<\/p>\n\n\n\n<p>El material est\u00e1 disponible en dos versiones, una \u201clarga\u201d y una \u201ccorta\u201d a la que se puede acceder desde&nbsp; siguientes links:<\/p>\n\n\n\n<p>Versi\u00f3n larga: <a href=\"https:\/\/www.paho.org\/canada\/dmdocuments\/GUIA%20larga%20VF.pdf\"><strong>https:\/\/www.paho.org\/canada\/dmdocuments\/GUIA%20larga%20VF.pdf<\/strong><\/a><\/p>\n\n\n\n<p>Versi\u00f3n corta: <a href=\"https:\/\/www.unicef.org\/paraguay\/media\/2126\/file\/guia-salud.pdf\"><strong>https:\/\/www.unicef.org\/paraguay\/media\/2126\/file\/guia-salud.pdf<\/strong><\/a><\/p>\n\n\n\n<div class=\"wp-block-media-text is-stacked-on-mobile is-image-fill-element\" style=\"grid-template-columns:27% auto\"><figure class=\"wp-block-media-text__media\"><img loading=\"lazy\" decoding=\"async\" width=\"720\" height=\"705\" src=\"https:\/\/comunicadores.org.py\/wp-content\/uploads\/2025\/03\/Juan.jpeg\" alt=\"\" class=\"wp-image-221 size-full\" style=\"object-position:50% 50%\" srcset=\"https:\/\/comunicadores.org.py\/wp-content\/uploads\/2025\/03\/Juan.jpeg 720w, https:\/\/comunicadores.org.py\/wp-content\/uploads\/2025\/03\/Juan-300x294.jpeg 300w\" sizes=\"auto, (max-width: 720px) 100vw, 720px\" \/><\/figure><div class=\"wp-block-media-text__content\">\n<p><strong>Sobre el autor<\/strong><\/p>\n\n\n\n<p><strong>Juan D\u00edaz Bordenave (1926-2012)<\/strong> <strong><\/strong><\/p>\n\n\n\n<p>Fue investigador y consultor Internacional en Comunicaci\u00f3n y Educaci\u00f3n, considerado uno de los padres del pensamiento latinoamericano en comunicaci\u00f3n. Nacido en Encarnaci\u00f3n, Paraguay, estudi\u00f3 Agronom\u00eda en la Escuela Nacional de Agricultura de Casilda, Argentina, ampliando estudios en Estados Unidos, donde curso un master de Periodismo Agr\u00edcola en Universidad de Wisconsin (1955). Se doctor\u00f3 en Comunicaci\u00f3n en la Michigan State University (1966). Trabaj\u00f3 como especialista en comunicaci\u00f3n agr\u00edcola en el Instituto Interamericano de Cooperaci\u00f3n para la Agricultura (1956-80). En 2002 retorn\u00f3 a Paraguay, donde fue nombrado rector de la Universidad Teko Arand\u00fa. Posteriormente tuvo activa participaci\u00f3n en la creaci\u00f3n de la primera maestr\u00eda de Comunicaci\u00f3n para el Desarrollo y el Cambio Social en la&nbsp;Universidad Nacional del Este. Fue uno de los Delegados de la Comisi\u00f3n de Verdad y Justicia de Paraguay, donde fue elegido para representar al sector de la Sociedad Civil sugerido por el sector de los comunicadores.<\/p>\n<\/div><\/div>\n","protected":false},"excerpt":{"rendered":"<p>Autor: Dr. Juan D\u00edaz Bordenave Ministerio de Salud P\u00fablica y Bienestar Social Agencia Canadiense de Cooperaci\u00f3n para el Desarrollo Internacional- Organizaci\u00f3n Panamericana de la Salud (OPS)- UNICEF Este material desarrolla conceptos, estrategias y herramientas pr\u00e1cticas para una comunicaci\u00f3n eficiente&hellip;<\/p>\n","protected":false},"author":1,"featured_media":223,"comment_status":"open","ping_status":"closed","sticky":false,"template":"","format":"standard","meta":{"footnotes":""},"categories":[3],"tags":[],"class_list":["post-220","post","type-post","status-publish","format-standard","has-post-thumbnail","hentry","category-investigacion"],"_links":{"self":[{"href":"https:\/\/comunicadores.org.py\/index.php\/wp-json\/wp\/v2\/posts\/220","targetHints":{"allow":["GET"]}}],"collection":[{"href":"https:\/\/comunicadores.org.py\/index.php\/wp-json\/wp\/v2\/posts"}],"about":[{"href":"https:\/\/comunicadores.org.py\/index.php\/wp-json\/wp\/v2\/types\/post"}],"author":[{"embeddable":true,"href":"https:\/\/comunicadores.org.py\/index.php\/wp-json\/wp\/v2\/users\/1"}],"replies":[{"embeddable":true,"href":"https:\/\/comunicadores.org.py\/index.php\/wp-json\/wp\/v2\/comments?post=220"}],"version-history":[{"count":2,"href":"https:\/\/comunicadores.org.py\/index.php\/wp-json\/wp\/v2\/posts\/220\/revisions"}],"predecessor-version":[{"id":225,"href":"https:\/\/comunicadores.org.py\/index.php\/wp-json\/wp\/v2\/posts\/220\/revisions\/225"}],"wp:featuredmedia":[{"embeddable":true,"href":"https:\/\/comunicadores.org.py\/index.php\/wp-json\/wp\/v2\/media\/223"}],"wp:attachment":[{"href":"https:\/\/comunicadores.org.py\/index.php\/wp-json\/wp\/v2\/media?parent=220"}],"wp:term":[{"taxonomy":"category","embeddable":true,"href":"https:\/\/comunicadores.org.py\/index.php\/wp-json\/wp\/v2\/categories?post=220"},{"taxonomy":"post_tag","embeddable":true,"href":"https:\/\/comunicadores.org.py\/index.php\/wp-json\/wp\/v2\/tags?post=220"}],"curies":[{"name":"wp","href":"https:\/\/api.w.org\/{rel}","templated":true}]}}