{"id":231,"date":"2025-04-26T14:18:37","date_gmt":"2025-04-26T14:18:37","guid":{"rendered":"https:\/\/comunicadores.org.py\/?p=231"},"modified":"2025-04-26T14:22:21","modified_gmt":"2025-04-26T14:22:21","slug":"comunicado-de-prensa","status":"publish","type":"post","link":"https:\/\/comunicadores.org.py\/index.php\/2025\/04\/26\/comunicado-de-prensa\/noticias\/","title":{"rendered":"Por un periodismo fiel a la verdad y que promueva el di\u00e1logo social"},"content":{"rendered":"\n<p><strong>COMUNICADO DE PRENSA<\/strong><\/p>\n\n\n\n<p><strong>Asunci\u00f3n, 26 de abril de 2025<\/strong>. \u00a0En conmemoraci\u00f3n del D\u00eda del Periodista, como Sociedad de Comunicadores del Paraguay (SCP) hacemos un ferviente llamado en favor de un periodismo que permita a la ciudadan\u00eda tener claridad sobre los diversos acontecimientos nacionales e internacionales y que sea un puente para el di\u00e1logo social, con franqueza y vocaci\u00f3n de servicio.<\/p>\n\n\n\n<p>En tiempos en que predominan las noticias falsas y las campa\u00f1as masivas, impulsadas por la creciente utilizaci\u00f3n de la tecnolog\u00eda que hasta imita los procesos de razonamiento humano, pareciera ser que el fin de la comunicaci\u00f3n es la alienaci\u00f3n, la propagaci\u00f3n del odio y la fanatizaci\u00f3n.<\/p>\n\n\n\n<p>Como comunicadores, nuestro compromiso debe ser el mantenimiento de las pr\u00e1cticas esenciales profesionales, como el contraste de distintas fuentes informativas para esclarecer situaciones mediante la obtenci\u00f3n de los datos variados y relevantes, adem\u00e1s de comprometernos con el uso cr\u00edtico de las plataformas y t\u00e9cnicas. Sin una s\u00f3lida \u00e9tica profesional, el periodismo se est\u00e1 reduciendo a propaganda, debilitando su rol clave en el discernimiento social.<\/p>\n\n\n\n<p>Adem\u00e1s, es fundamental recordar que ser propietario de un medio de comunicaci\u00f3n no otorga derecho a utilizarlo para favorecer intereses personales, leg\u00edtimos o ileg\u00edtimos, pues esa pr\u00e1ctica atenta directamente contra la funci\u00f3n y responsabilidad social que deben cumplir las empresas period\u00edsticas.<\/p>\n\n\n\n<p>A 180 a\u00f1os de la aparici\u00f3n del peri\u00f3dico \u201cEl Paraguayo Independiente\u201d, a 20 a\u00f1os del fallecimiento del gran escritor y periodista Augusto Roa Bastos y a 34 a\u00f1os del cobarde asesinato de Santiago Leguizam\u00f3n, desde la SCP reafirmamos nuestro compromiso con la verdad, la \u00e9tica period\u00edstica y la mejora constante de nuestra profesi\u00f3n e invitamos a comunicadores de todo el pa\u00eds a seguir trabajando diariamente por una sociedad m\u00e1s informada, justa y democr\u00e1tica.<\/p>\n\n\n\n<p>\u00a1Salud, colegas!<\/p>\n","protected":false},"excerpt":{"rendered":"<p>COMUNICADO DE PRENSA Asunci\u00f3n, 26 de abril de 2025. \u00a0En conmemoraci\u00f3n del D\u00eda del Periodista, como Sociedad de Comunicadores del Paraguay (SCP) hacemos un ferviente llamado en favor de un periodismo que permita a la ciudadan\u00eda tener claridad sobre&hellip;<\/p>\n","protected":false},"author":6,"featured_media":232,"comment_status":"open","ping_status":"closed","sticky":false,"template":"","format":"standard","meta":{"footnotes":""},"categories":[7,6,5],"tags":[19,20,14,17,18,13,16,15],"class_list":["post-231","post","type-post","status-publish","format-standard","has-post-thumbnail","hentry","category-actividades","category-libertad-de-expresion","category-noticias","tag-comunicacion","tag-democracia","tag-dia-del-periodista","tag-etica-periodistica","tag-libertad-de-expresion","tag-paraguay","tag-periodismo","tag-santiago-leguizamon"],"_links":{"self":[{"href":"https:\/\/comunicadores.org.py\/index.php\/wp-json\/wp\/v2\/posts\/231","targetHints":{"allow":["GET"]}}],"collection":[{"href":"https:\/\/comunicadores.org.py\/index.php\/wp-json\/wp\/v2\/posts"}],"about":[{"href":"https:\/\/comunicadores.org.py\/index.php\/wp-json\/wp\/v2\/types\/post"}],"author":[{"embeddable":true,"href":"https:\/\/comunicadores.org.py\/index.php\/wp-json\/wp\/v2\/users\/6"}],"replies":[{"embeddable":true,"href":"https:\/\/comunicadores.org.py\/index.php\/wp-json\/wp\/v2\/comments?post=231"}],"version-history":[{"count":3,"href":"https:\/\/comunicadores.org.py\/index.php\/wp-json\/wp\/v2\/posts\/231\/revisions"}],"predecessor-version":[{"id":237,"href":"https:\/\/comunicadores.org.py\/index.php\/wp-json\/wp\/v2\/posts\/231\/revisions\/237"}],"wp:featuredmedia":[{"embeddable":true,"href":"https:\/\/comunicadores.org.py\/index.php\/wp-json\/wp\/v2\/media\/232"}],"wp:attachment":[{"href":"https:\/\/comunicadores.org.py\/index.php\/wp-json\/wp\/v2\/media?parent=231"}],"wp:term":[{"taxonomy":"category","embeddable":true,"href":"https:\/\/comunicadores.org.py\/index.php\/wp-json\/wp\/v2\/categories?post=231"},{"taxonomy":"post_tag","embeddable":true,"href":"https:\/\/comunicadores.org.py\/index.php\/wp-json\/wp\/v2\/tags?post=231"}],"curies":[{"name":"wp","href":"https:\/\/api.w.org\/{rel}","templated":true}]}}