{"id":276,"date":"2025-06-18T22:20:05","date_gmt":"2025-06-18T22:20:05","guid":{"rendered":"https:\/\/comunicadores.org.py\/?p=276"},"modified":"2025-06-18T22:20:09","modified_gmt":"2025-06-18T22:20:09","slug":"comunicado-la-sociedad-de-comunicadores-del-paraguay-repudia-amenazas-contra-periodista-y-defiende-la-libertad-de-expresion","status":"publish","type":"post","link":"https:\/\/comunicadores.org.py\/index.php\/2025\/06\/18\/comunicado-la-sociedad-de-comunicadores-del-paraguay-repudia-amenazas-contra-periodista-y-defiende-la-libertad-de-expresion\/noticias\/","title":{"rendered":"Comunicado:  La Sociedad de Comunicadores del Paraguay repudia amenazas contra periodista y defiende la libertad de expresi\u00f3n"},"content":{"rendered":"\n<p>La Sociedad de Comunicadores del Paraguay <strong>condena en\u00e9rgicamente las amenazas de muerte recibidas por el administrador de la plataforma Noticias al D\u00eda (@noticiasaldiapy), C\u00e9sar Candia<\/strong>, constituyendo un grave intento de coartar la libertad de expresi\u00f3n y el derecho a informar, pilares esenciales de toda sociedad democr\u00e1tica.<\/p>\n\n\n\n<p>Manifestamos nuestra profunda preocupaci\u00f3n ante este hecho, que representa no solo un ataque directo a un comunicador, sino tambi\u00e9n a la ciudadan\u00eda en su derecho al acceso a la informaci\u00f3n.<\/p>\n\n\n\n<p><strong>Exigimos a las autoridades competentes que act\u00faen con urgencia para:<\/strong><\/p>\n\n\n\n<p>-Investigar a fondo las amenazas recibidas;<br>-Garantizar la integridad f\u00edsica y emocional del periodista afectado;<br>-Asegurar condiciones seguras para el ejercicio pleno de la labor period\u00edstica en Paraguay.<br>-Reiteramos nuestro compromiso con la defensa de la libertad de prensa y con el respaldo a quienes trabajan, muchas veces en condiciones adversas, para mantener informada a la sociedad.<\/p>\n\n\n\n<p><strong>No hay democracia sin periodismo libre.<\/strong><\/p>\n\n\n\n<p><strong>Comisi\u00f3n Directiva<\/strong><br>18\/06\/25<\/p>\n","protected":false},"excerpt":{"rendered":"<p>La Sociedad de Comunicadores del Paraguay condena en\u00e9rgicamente las amenazas de muerte recibidas por el administrador de la plataforma Noticias al D\u00eda (@noticiasaldiapy), C\u00e9sar Candia, constituyendo un grave intento de coartar la libertad de expresi\u00f3n y el derecho a&hellip;<\/p>\n","protected":false},"author":6,"featured_media":277,"comment_status":"open","ping_status":"closed","sticky":false,"template":"","format":"standard","meta":{"footnotes":""},"categories":[6,5],"tags":[39,43,46,45,18,44,32],"class_list":["post-276","post","type-post","status-publish","format-standard","has-post-thumbnail","hentry","category-libertad-de-expresion","category-noticias","tag-ciudadania","tag-comunicado","tag-ddhh-de-periodistas","tag-derecho-a-la-informacion","tag-libertad-de-expresion","tag-prensa-libre","tag-sociedad-de-comunicadores-del-paraguay"],"_links":{"self":[{"href":"https:\/\/comunicadores.org.py\/index.php\/wp-json\/wp\/v2\/posts\/276","targetHints":{"allow":["GET"]}}],"collection":[{"href":"https:\/\/comunicadores.org.py\/index.php\/wp-json\/wp\/v2\/posts"}],"about":[{"href":"https:\/\/comunicadores.org.py\/index.php\/wp-json\/wp\/v2\/types\/post"}],"author":[{"embeddable":true,"href":"https:\/\/comunicadores.org.py\/index.php\/wp-json\/wp\/v2\/users\/6"}],"replies":[{"embeddable":true,"href":"https:\/\/comunicadores.org.py\/index.php\/wp-json\/wp\/v2\/comments?post=276"}],"version-history":[{"count":1,"href":"https:\/\/comunicadores.org.py\/index.php\/wp-json\/wp\/v2\/posts\/276\/revisions"}],"predecessor-version":[{"id":278,"href":"https:\/\/comunicadores.org.py\/index.php\/wp-json\/wp\/v2\/posts\/276\/revisions\/278"}],"wp:featuredmedia":[{"embeddable":true,"href":"https:\/\/comunicadores.org.py\/index.php\/wp-json\/wp\/v2\/media\/277"}],"wp:attachment":[{"href":"https:\/\/comunicadores.org.py\/index.php\/wp-json\/wp\/v2\/media?parent=276"}],"wp:term":[{"taxonomy":"category","embeddable":true,"href":"https:\/\/comunicadores.org.py\/index.php\/wp-json\/wp\/v2\/categories?post=276"},{"taxonomy":"post_tag","embeddable":true,"href":"https:\/\/comunicadores.org.py\/index.php\/wp-json\/wp\/v2\/tags?post=276"}],"curies":[{"name":"wp","href":"https:\/\/api.w.org\/{rel}","templated":true}]}}