{"id":305,"date":"2026-04-26T20:35:09","date_gmt":"2026-04-26T20:35:09","guid":{"rendered":"https:\/\/comunicadores.org.py\/?p=305"},"modified":"2026-04-26T23:53:00","modified_gmt":"2026-04-26T23:53:00","slug":"por-la-vida-y-la-verdad","status":"publish","type":"post","link":"https:\/\/comunicadores.org.py\/index.php\/2026\/04\/26\/por-la-vida-y-la-verdad\/seguridad\/","title":{"rendered":"Por la vida y la verdad"},"content":{"rendered":"\n<p><strong>Mensaje por el D\u00eda del Periodista 2026 de la Sociedad de Comunicadores del Paraguay (SCP)<\/strong><\/p>\n\n\n\n<p>En este 26 de abril se conmemora la aparici\u00f3n de El Paraguayo Independiente en 1845,una fecha que desde 1991 est\u00e1 marcada por el luto tras el asesinato de Santiago Leguizam\u00f3n. A 35 a\u00f1os de aquel crimen que pretendi\u00f3 acallar la denuncia de negocios il\u00edcitos en la frontera, desde la Sociedad de Comunicadores del Paraguay (SCP)denunciamos que la impunidad persiste con m\u00e1s de veinte comunicadores asesinados en la era democr\u00e1tica y casi un 100 % de ausencia de castigo para los autores morales, con lo que el Estado paraguayo sigue enviando un mensaje de desamparo hacia quienes ejercen la transmisi\u00f3n de informaci\u00f3n de inter\u00e9s p\u00fablico y la libertad de expresi\u00f3n.<\/p>\n\n\n\n<p>Observamos con profunda alarma que el mapa del miedo se ha expandido, porque las amenazas de muerte, antes focalizadas en zonas cr\u00edticas por los asesinatos acontecidos, como Amambay y Canindey\u00fa, alcanzan hoy al departamento Central y otras regiones, incluso afecta a comunicadores institucionales, mientras las investigaciones del Ministerio P\u00fablico se pierden en el letargo. Casos como las amenazas de muerte a la periodista Mabel Portillo en Villarrica y a Cinthia Gonz\u00e1lez, viuda del asesinado Leo Veras, evidencian que la dilaci\u00f3n injustificada, la simulaci\u00f3n investigativa no ayudan al esclarecimiento penal, que en la pr\u00e1ctica es una forma de censura indirecta que pone a la democracia en \u00abcuidados intensivos\u00bb.<\/p>\n\n\n\n<p>Reiteramos las advertencias de la CIDH y la Relator\u00eda de Libertad de Expresi\u00f3n de la OEA: la libertad de prensa es la piedra angular de toda sociedad democr\u00e1tica y su vigencia es imposible sin seguridad. El Estado es responsable por omisi\u00f3n al no llegar al fondo con investigaciones de las amenazas, y su inacci\u00f3n fomenta la repetici\u00f3n de la violencia. La ciudadan\u00eda tiene el derecho inalienable a saber para decidir mejor, pero este derecho muere cada vez que un periodista es intimidado o asesinado ante la mirada indiferente de las instituciones que deber\u00edan protegerlo.<\/p>\n\n\n\n<p>Finalmente, exigimos a los Poderes del Estado terminar con los amagues y promesas y dar cumplimiento a todas las reparaciones dictadas por la Corte Interamericana de Derechos Humanos en el caso de Santiago Leguizam\u00f3n, como es la aprobaci\u00f3n de la postergada Ley de protecci\u00f3n a periodistas y personas defensoras de Derechos Humanos. La SCP reafirma su compromiso con la b\u00fasqueda incansable de justicia y exigir garant\u00edas para la vida de periodistas y comunicadores.<\/p>\n\n\n\n<p>Asunci\u00f3n, 26 de abril de 2026.<\/p>\n\n\n\n<figure class=\"wp-block-image size-large\"><img loading=\"lazy\" decoding=\"async\" width=\"1024\" height=\"1024\" src=\"https:\/\/comunicadores.org.py\/wp-content\/uploads\/2026\/04\/Flyer-dia-del-periodista-1-1024x1024.jpeg\" alt=\"\" class=\"wp-image-324\" srcset=\"https:\/\/comunicadores.org.py\/wp-content\/uploads\/2026\/04\/Flyer-dia-del-periodista-1-1024x1024.jpeg 1024w, https:\/\/comunicadores.org.py\/wp-content\/uploads\/2026\/04\/Flyer-dia-del-periodista-1-300x300.jpeg 300w, https:\/\/comunicadores.org.py\/wp-content\/uploads\/2026\/04\/Flyer-dia-del-periodista-1-150x150.jpeg 150w, https:\/\/comunicadores.org.py\/wp-content\/uploads\/2026\/04\/Flyer-dia-del-periodista-1-768x768.jpeg 768w, https:\/\/comunicadores.org.py\/wp-content\/uploads\/2026\/04\/Flyer-dia-del-periodista-1-1536x1536.jpeg 1536w, https:\/\/comunicadores.org.py\/wp-content\/uploads\/2026\/04\/Flyer-dia-del-periodista-1.jpeg 1600w\" sizes=\"auto, (max-width: 1024px) 100vw, 1024px\" \/><\/figure>\n","protected":false},"excerpt":{"rendered":"<p>Mensaje por el D\u00eda del Periodista 2026 de la Sociedad de Comunicadores del Paraguay (SCP) En este 26 de abril se conmemora la aparici\u00f3n de El Paraguayo Independiente en 1845,una fecha que desde 1991 est\u00e1 marcada por el luto&hellip;<\/p>\n","protected":false},"author":8,"featured_media":0,"comment_status":"open","ping_status":"closed","sticky":true,"template":"","format":"standard","meta":{"footnotes":""},"categories":[49],"tags":[],"class_list":["post-305","post","type-post","status-publish","format-standard","hentry","category-seguridad"],"_links":{"self":[{"href":"https:\/\/comunicadores.org.py\/index.php\/wp-json\/wp\/v2\/posts\/305","targetHints":{"allow":["GET"]}}],"collection":[{"href":"https:\/\/comunicadores.org.py\/index.php\/wp-json\/wp\/v2\/posts"}],"about":[{"href":"https:\/\/comunicadores.org.py\/index.php\/wp-json\/wp\/v2\/types\/post"}],"author":[{"embeddable":true,"href":"https:\/\/comunicadores.org.py\/index.php\/wp-json\/wp\/v2\/users\/8"}],"replies":[{"embeddable":true,"href":"https:\/\/comunicadores.org.py\/index.php\/wp-json\/wp\/v2\/comments?post=305"}],"version-history":[{"count":4,"href":"https:\/\/comunicadores.org.py\/index.php\/wp-json\/wp\/v2\/posts\/305\/revisions"}],"predecessor-version":[{"id":328,"href":"https:\/\/comunicadores.org.py\/index.php\/wp-json\/wp\/v2\/posts\/305\/revisions\/328"}],"wp:attachment":[{"href":"https:\/\/comunicadores.org.py\/index.php\/wp-json\/wp\/v2\/media?parent=305"}],"wp:term":[{"taxonomy":"category","embeddable":true,"href":"https:\/\/comunicadores.org.py\/index.php\/wp-json\/wp\/v2\/categories?post=305"},{"taxonomy":"post_tag","embeddable":true,"href":"https:\/\/comunicadores.org.py\/index.php\/wp-json\/wp\/v2\/tags?post=305"}],"curies":[{"name":"wp","href":"https:\/\/api.w.org\/{rel}","templated":true}]}}