{"id":428,"date":"2026-09-01T19:07:24","date_gmt":"2026-09-01T19:07:24","guid":{"rendered":"https:\/\/comunicadores.org.py\/?p=428"},"modified":"2026-09-01T21:48:33","modified_gmt":"2026-09-01T21:48:33","slug":"superar-calamitoso-cuadro-de-la-salud-publica-no-es-una-prioridad-del-gobierno-nacional","status":"publish","type":"post","link":"https:\/\/comunicadores.org.py\/index.php\/2026\/09\/01\/superar-calamitoso-cuadro-de-la-salud-publica-no-es-una-prioridad-del-gobierno-nacional\/investigacion\/","title":{"rendered":"Superar calamitoso cuadro de la salud p\u00fablica no es una prioridad del gobierno nacional"},"content":{"rendered":"\n<style data-wp-block-html=\"css\">\n\/* ==========================================================\n   SCP\n   COMUNICADO SALUD P\u00daBLICA\n   ESTILO EDITORIAL \/ INSTITUCIONAL\n   ========================================================== *\/\n\n.scp-health {\n\n    --scp-navy: #0b2b47;\n    --scp-blue: #1859ad;\n    --scp-blue-light: #2f9cf4;\n\n    --scp-paper: #fafafa;\n    --scp-white: #ffffff;\n    --scp-soft: #f3f6f8;\n\n    --scp-ink: #13283a;\n    --scp-text: #30383e;\n    --scp-muted: #6c7b86;\n\n    --scp-line: #dbe3e9;\n    --scp-line-dark: #bac7d0;\n\n    width: 100%;\n    max-width: 100%;\n\n    overflow-x: hidden;\n\n    background: var(--scp-paper);\n\n    color: var(--scp-text);\n\n    font-family:\n        Arial,\n        Helvetica,\n        sans-serif;\n\n    font-size: 17px;\n    line-height: 1.75;\n\n    -webkit-font-smoothing: antialiased;\n}\n\n\n.scp-health *,\n.scp-health *::before,\n.scp-health *::after {\n    box-sizing: border-box;\n}\n\n\n.scp-health img {\n    max-width: 100%;\n    height: auto;\n}\n\n\n.scp-health__wrap {\n    width: min(1180px, calc(100% - 48px));\n\n    margin-inline: auto;\n}\n\n\n.scp-health__reading {\n    width: min(760px, calc(100% - 32px));\n\n    margin-inline: auto;\n}\n\n\n\n\/* ==========================================================\n   HEADER\n   ========================================================== *\/\n\n.scp-health__header {\n    position: relative;\n\n    padding:\n        38px\n        0\n        62px;\n\n    background: var(--scp-white);\n}\n\n\n.scp-health__header::before {\n    content: \"\";\n\n    position: absolute;\n\n    top: 0;\n    left: 0;\n\n    width: 100%;\n    height: 6px;\n\n    background: var(--scp-blue);\n}\n\n\n\/* TOP LINE *\/\n\n.scp-health__topline {\n    display: flex;\n\n    align-items: center;\n    justify-content: space-between;\n\n    gap: 25px;\n\n    padding-bottom: 16px;\n\n    border-bottom: 1px solid var(--scp-line-dark);\n}\n\n\n.scp-health__section,\n.scp-health__date {\n    font-size: 0.68rem;\n\n    font-weight: 800;\n\n    letter-spacing: 0.13em;\n\n    text-transform: uppercase;\n}\n\n\n.scp-health__section {\n    color: var(--scp-blue);\n}\n\n\n.scp-health__date {\n    color: var(--scp-muted);\n}\n\n\n\n\/* ==========================================================\n   HEADING\n   ========================================================== *\/\n\n.scp-health__heading {\n    max-width: 1000px;\n\n    padding-top: 55px;\n}\n\n\n.scp-health__kicker {\n    margin:\n        0\n        0\n        15px;\n\n    color: var(--scp-blue);\n\n    font-size: 0.73rem;\n\n    font-weight: 800;\n\n    letter-spacing: 0.13em;\n\n    text-transform: uppercase;\n}\n\n\n.scp-health__heading h1 {\n    max-width: 980px;\n\n    margin: 0;\n\n    color: var(--scp-navy);\n\n    font-family:\n        Georgia,\n        \"Times New Roman\",\n        serif;\n\n    font-size: clamp(\n        3rem,\n        5.6vw,\n        5.6rem\n    );\n\n    font-weight: 500;\n\n    line-height: 0.98;\n\n    letter-spacing: -0.045em;\n\n    overflow-wrap: break-word;\n}\n\n\n.scp-health__lead {\n    max-width: 840px;\n\n    margin:\n        30px\n        0\n        0;\n\n    color: #455460;\n\n    font-family:\n        Georgia,\n        \"Times New Roman\",\n        serif;\n\n    font-size: clamp(\n        1.2rem,\n        2vw,\n        1.5rem\n    );\n\n    line-height: 1.6;\n}\n\n\n\n\/* ==========================================================\n   META\n   ========================================================== *\/\n\n.scp-health__meta {\n    display: grid;\n\n    grid-template-columns:\n        1.5fr\n        0.7fr\n        1fr;\n\n    margin-top: 42px;\n\n    border-top: 1px solid var(--scp-line);\n    border-bottom: 1px solid var(--scp-line);\n}\n\n\n.scp-health__meta > div {\n    min-width: 0;\n\n    padding:\n        16px\n        25px\n        16px\n        0;\n\n    border-right: 1px solid var(--scp-line);\n}\n\n\n.scp-health__meta > div + div {\n    padding-left: 25px;\n}\n\n\n.scp-health__meta > div:last-child {\n    border-right: 0;\n}\n\n\n.scp-health__meta span {\n    display: block;\n\n    margin-bottom: 3px;\n\n    color: var(--scp-muted);\n\n    font-size: 0.61rem;\n\n    font-weight: 800;\n\n    letter-spacing: 0.1em;\n\n    text-transform: uppercase;\n}\n\n\n.scp-health__meta strong {\n    display: block;\n\n    color: var(--scp-navy);\n\n    font-size: 0.82rem;\n}\n\n\n\n\/* ==========================================================\n   BODY\n   ========================================================== *\/\n\n.scp-health__body {\n    padding-top: 65px;\n}\n\n\n.scp-health__opening {\n    margin:\n        0\n        0\n        1.7em;\n\n    color: var(--scp-navy);\n\n    font-family:\n        Georgia,\n        \"Times New Roman\",\n        serif;\n\n    font-size: 1.27rem;\n\n    line-height: 1.7;\n}\n\n\n.scp-health__opening::first-letter {\n    float: left;\n\n    margin:\n        0.12em\n        0.11em\n        0\n        0;\n\n    color: var(--scp-blue);\n\n    font-family:\n        Georgia,\n        \"Times New Roman\",\n        serif;\n\n    font-size: 4.5rem;\n\n    font-weight: 700;\n\n    line-height: 0.73;\n}\n\n\n\n\/* ==========================================================\n   STATEMENT\n   ========================================================== *\/\n\n.scp-health__statement {\n    margin:\n        55px\n        0\n        70px;\n\n    padding:\n        35px\n        0\n        35px\n        40px;\n\n    border-top: 1px solid var(--scp-line-dark);\n    border-bottom: 1px solid var(--scp-line-dark);\n    border-left: 5px solid var(--scp-blue);\n}\n\n\n.scp-health__statement-label {\n    display: block;\n\n    margin-bottom: 11px;\n\n    color: var(--scp-blue);\n\n    font-size: 0.63rem;\n\n    font-weight: 800;\n\n    letter-spacing: 0.13em;\n\n    text-transform: uppercase;\n}\n\n\n.scp-health__statement p {\n    margin: 0;\n\n    color: var(--scp-navy);\n\n    font-family:\n        Georgia,\n        \"Times New Roman\",\n        serif;\n\n    font-size: clamp(\n        1.35rem,\n        2.5vw,\n        1.85rem\n    );\n\n    line-height: 1.5;\n}\n\n\n\n\/* ==========================================================\n   SECTIONS\n   ========================================================== *\/\n\n.scp-health__section-block {\n    margin-top: 75px;\n}\n\n\n.scp-health__section-head {\n    margin-bottom: 30px;\n\n    padding-top: 18px;\n\n    border-top: 3px solid var(--scp-navy);\n}\n\n\n.scp-health__section-head > span {\n    display: block;\n\n    margin-bottom: 7px;\n\n    color: var(--scp-blue);\n\n    font-size: 0.64rem;\n\n    font-weight: 800;\n\n    letter-spacing: 0.13em;\n\n    text-transform: uppercase;\n}\n\n\n.scp-health__section-head h2 {\n    max-width: 690px;\n\n    margin: 0;\n\n    color: var(--scp-navy);\n\n    font-family:\n        Georgia,\n        \"Times New Roman\",\n        serif;\n\n    font-size: clamp(\n        1.9rem,\n        3.5vw,\n        2.75rem\n    );\n\n    font-weight: 500;\n\n    line-height: 1.13;\n\n    letter-spacing: -0.025em;\n}\n\n\n.scp-health__section-block > p {\n    margin:\n        0\n        0\n        1.6em;\n}\n\n\n\n\/* ==========================================================\n   DERECHOS\n   ========================================================== *\/\n\n.scp-health__rights {\n    margin-top: 40px;\n\n    border-top: 1px solid var(--scp-line-dark);\n}\n\n\n.scp-health__right {\n    display: grid;\n\n    grid-template-columns:\n        55px\n        minmax(0, 1fr);\n\n    gap: 25px;\n\n    padding:\n        27px\n        0;\n\n    border-bottom: 1px solid var(--scp-line);\n}\n\n\n.scp-health__right-index {\n    color: var(--scp-blue);\n\n    font-family:\n        Georgia,\n        \"Times New Roman\",\n        serif;\n\n    font-size: 1.2rem;\n}\n\n\n.scp-health__right h3 {\n    margin:\n        0\n        0\n        4px;\n\n    color: var(--scp-navy);\n\n    font-family:\n        Georgia,\n        \"Times New Roman\",\n        serif;\n\n    font-size: 1.12rem;\n\n    line-height: 1.35;\n}\n\n\n.scp-health__right-ref {\n    margin:\n        0\n        0\n        9px !important;\n\n    color: var(--scp-blue);\n\n    font-size: 0.73rem;\n\n    font-weight: 800;\n\n    text-transform: uppercase;\n}\n\n\n.scp-health__right p {\n    margin:\n        0\n        0\n        10px;\n\n    color: var(--scp-text);\n\n    font-size: 0.92rem;\n}\n\n\n.scp-health__right a {\n    display: inline-flex;\n\n    gap: 7px;\n\n    padding-bottom: 2px;\n\n    border-bottom: 1px solid var(--scp-blue);\n\n    color: var(--scp-blue);\n\n    font-size: 0.75rem;\n\n    font-weight: 700;\n\n    text-decoration: none;\n}\n\n\n\n\/* ==========================================================\n   BIG QUOTE\n   ========================================================== *\/\n\n.scp-health__big-quote {\n    margin:\n        80px\n        0;\n\n    padding:\n        42px\n        46px;\n\n    background: var(--scp-navy);\n}\n\n\n.scp-health__big-quote > span {\n    display: block;\n\n    margin-bottom: 12px;\n\n    color: #8ac7f6;\n\n    font-size: 0.64rem;\n\n    font-weight: 800;\n\n    letter-spacing: 0.13em;\n\n    text-transform: uppercase;\n}\n\n\n.scp-health__big-quote p {\n    margin: 0;\n\n    color: var(--scp-white);\n\n    font-family:\n        Georgia,\n        \"Times New Roman\",\n        serif;\n\n    font-size: clamp(\n        1.4rem,\n        2.7vw,\n        2rem\n    );\n\n    font-weight: 600;\n\n    line-height: 1.5;\n}\n\n\n\n\/* ==========================================================\n   CONCLUSION\n   ========================================================== *\/\n\n.scp-health__conclusion {\n    margin-top: 85px;\n\n    padding:\n        40px;\n\n    border-top: 5px solid var(--scp-blue);\n\n    background: var(--scp-soft);\n}\n\n\n.scp-health__conclusion-label {\n    display: block;\n\n    margin-bottom: 8px;\n\n    color: var(--scp-blue);\n\n    font-size: 0.64rem;\n\n    font-weight: 800;\n\n    letter-spacing: 0.13em;\n\n    text-transform: uppercase;\n}\n\n\n.scp-health__conclusion h2 {\n    margin:\n        0\n        0\n        18px;\n\n    color: var(--scp-navy);\n\n    font-family:\n        Georgia,\n        \"Times New Roman\",\n        serif;\n\n    font-size: clamp(\n        1.8rem,\n        3.5vw,\n        2.5rem\n    );\n\n    font-weight: 500;\n\n    line-height: 1.15;\n}\n\n\n.scp-health__conclusion p {\n    margin: 0;\n\n    color: var(--scp-text);\n\n    line-height: 1.7;\n}\n\n\n.scp-health__signature {\n    margin-top: 30px;\n\n    padding-top: 20px;\n\n    border-top: 1px solid var(--scp-line-dark);\n}\n\n\n.scp-health__signature span,\n.scp-health__signature strong {\n    display: block;\n}\n\n\n.scp-health__signature span {\n    margin-bottom: 3px;\n\n    color: var(--scp-muted);\n\n    font-size: 0.75rem;\n\n    font-weight: 700;\n}\n\n\n.scp-health__signature strong {\n    color: var(--scp-navy);\n\n    font-size: 0.95rem;\n}\n\n\n\n\/* ==========================================================\n   GALER\u00cdA\n   ========================================================== *\/\n\n.scp-health__visual {\n    margin-top: 100px;\n\n    padding:\n        70px\n        0\n        90px;\n\n    background: #eef2f5;\n}\n\n\n.scp-health__visual-head {\n    display: grid;\n\n    grid-template-columns:\n        minmax(0, 1fr)\n        minmax(260px, 420px);\n\n    gap: 50px;\n\n    align-items: end;\n\n    margin-bottom: 40px;\n\n    padding-bottom: 20px;\n\n    border-bottom: 1px solid var(--scp-line-dark);\n}\n\n\n.scp-health__visual-head span {\n    display: block;\n\n    margin-bottom: 6px;\n\n    color: var(--scp-blue);\n\n    font-size: 0.65rem;\n\n    font-weight: 800;\n\n    letter-spacing: 0.13em;\n\n    text-transform: uppercase;\n}\n\n\n.scp-health__visual-head h2 {\n    margin: 0;\n\n    color: var(--scp-navy);\n\n    font-family:\n        Georgia,\n        \"Times New Roman\",\n        serif;\n\n    font-size: clamp(\n        2rem,\n        4vw,\n        3rem\n    );\n\n    font-weight: 500;\n}\n\n\n.scp-health__visual-head p {\n    margin: 0;\n\n    color: var(--scp-muted);\n\n    font-size: 0.86rem;\n}\n\n\n\n\/* GRID *\/\n\n.scp-health__gallery {\n    display: grid;\n\n    grid-template-columns:\n        repeat(2, minmax(0, 1fr));\n\n    gap: 28px;\n}\n\n\n.scp-health__gallery-item {\n    margin: 0;\n\n    padding:\n        12px;\n\n    background: var(--scp-white);\n\n    border: 1px solid var(--scp-line);\n\n    box-shadow:\n        0\n        15px\n        40px\n        rgba(11, 43, 71, 0.08);\n}\n\n\n.scp-health__gallery-item a {\n    display: block;\n\n    overflow: hidden;\n\n    background: var(--scp-navy);\n}\n\n\n.scp-health__gallery-item img {\n    display: block;\n\n    width: 100%;\n    height: auto;\n\n    transition:\n        transform 0.3s ease;\n}\n\n\n.scp-health__gallery-item:hover img {\n    transform: scale(1.015);\n}\n\n\n.scp-health__gallery-item figcaption {\n    padding:\n        10px\n        2px\n        1px;\n\n    color: var(--scp-muted);\n\n    font-size: 0.7rem;\n\n    font-weight: 700;\n\n    text-transform: uppercase;\n\n    letter-spacing: 0.08em;\n}\n\n\n\n\/* ==========================================================\n   FOOTER\n   ========================================================== *\/\n\n.scp-health__footer {\n    padding:\n        32px\n        0;\n\n    background: var(--scp-navy);\n}\n\n\n.scp-health__footer-inner {\n    display: flex;\n\n    align-items: center;\n\n    gap: 18px;\n}\n\n\n.scp-health__footer-inner strong {\n    padding-right: 18px;\n\n    border-right: 1px solid rgba(255,255,255,.25);\n\n    color: var(--scp-white);\n\n    font-family:\n        Georgia,\n        \"Times New Roman\",\n        serif;\n\n    font-size: 2rem;\n}\n\n\n.scp-health__footer-inner span {\n    color: #d9e5ed;\n\n    font-size: 0.74rem;\n\n    font-weight: 700;\n\n    letter-spacing: 0.07em;\n\n    text-transform: uppercase;\n}\n\n\n\n\/* ==========================================================\n   TABLET\n   ========================================================== *\/\n\n@media (max-width: 900px) {\n\n    .scp-health__meta {\n        grid-template-columns:\n            1fr\n            1fr;\n    }\n\n\n    .scp-health__meta > div:last-child {\n        grid-column: 1 \/ -1;\n\n        padding-left: 0;\n\n        border-top: 1px solid var(--scp-line);\n    }\n\n\n    .scp-health__visual-head {\n        grid-template-columns: 1fr;\n\n        gap: 15px;\n    }\n\n}\n\n\n\n\/* ==========================================================\n   MOBILE\n   ========================================================== *\/\n\n@media (max-width: 620px) {\n\n    .scp-health__wrap {\n        width: calc(100% - 30px);\n    }\n\n\n    .scp-health__reading {\n        width: calc(100% - 30px);\n    }\n\n\n    \/* HEADER *\/\n\n    .scp-health__header {\n        padding:\n            26px\n            0\n            42px;\n    }\n\n\n    .scp-health__topline {\n        align-items: flex-start;\n\n        flex-direction: column;\n\n        gap: 4px;\n    }\n\n\n    .scp-health__date {\n        font-size: 0.6rem;\n    }\n\n\n    .scp-health__heading {\n        padding-top: 35px;\n    }\n\n\n    .scp-health__kicker {\n        font-size: 0.64rem;\n\n        line-height: 1.4;\n    }\n\n\n    .scp-health__heading h1 {\n        width: 100%;\n\n        max-width: 100%;\n\n        font-size: clamp(\n            2.05rem,\n            10vw,\n            2.85rem\n        );\n\n        line-height: 1.02;\n\n        letter-spacing: -0.03em;\n\n        white-space: normal;\n\n        overflow-wrap: break-word;\n\n        hyphens: auto;\n    }\n\n\n    .scp-health__lead {\n        font-size: 1.08rem;\n\n        line-height: 1.55;\n    }\n\n\n    \/* META *\/\n\n    .scp-health__meta {\n        grid-template-columns: 1fr;\n\n        margin-top: 30px;\n    }\n\n\n    .scp-health__meta > div,\n    .scp-health__meta > div + div,\n    .scp-health__meta > div:last-child {\n        grid-column: auto;\n\n        padding:\n            12px\n            0;\n\n        border-right: 0;\n        border-top: 0;\n        border-bottom: 1px solid var(--scp-line);\n    }\n\n\n    \/* BODY *\/\n\n    .scp-health__body {\n        padding-top: 45px;\n    }\n\n\n    .scp-health__opening {\n        font-size: 1.12rem;\n    }\n\n\n    .scp-health__opening::first-letter {\n        font-size: 3.6rem;\n    }\n\n\n    \/* STATEMENT *\/\n\n    .scp-health__statement {\n        margin:\n            45px\n            0\n            55px;\n\n        padding:\n            28px\n            0\n            28px\n            24px;\n    }\n\n\n    .scp-health__statement p {\n        font-size: 1.25rem;\n    }\n\n\n    \/* SECTIONS *\/\n\n    .scp-health__section-block {\n        margin-top: 60px;\n    }\n\n\n    .scp-health__section-head h2 {\n        width: 100%;\n\n        font-size: 1.85rem;\n\n        line-height: 1.13;\n\n        overflow-wrap: break-word;\n    }\n\n\n    \/* RIGHTS *\/\n\n    .scp-health__right {\n        grid-template-columns: 1fr;\n\n        gap: 7px;\n\n        padding:\n            24px\n            0;\n    }\n\n\n    .scp-health__right-index {\n        font-size: 0.9rem;\n    }\n\n\n    \/* BIG QUOTE *\/\n\n    .scp-health__big-quote {\n        margin:\n            60px\n            0;\n\n        padding:\n            32px\n            25px;\n    }\n\n\n    .scp-health__big-quote p {\n        font-size: 1.3rem;\n    }\n\n\n    \/* CONCLUSION *\/\n\n    .scp-health__conclusion {\n        margin-top: 60px;\n\n        padding:\n            30px\n            24px;\n    }\n\n\n    .scp-health__conclusion h2 {\n        font-size: 1.8rem;\n    }\n\n\n    \/* GALLERY *\/\n\n    .scp-health__visual {\n        margin-top: 70px;\n\n        padding:\n            50px\n            0\n            65px;\n    }\n\n\n    .scp-health__gallery {\n        grid-template-columns: 1fr;\n\n        gap: 22px;\n    }\n\n\n    .scp-health__gallery-item {\n        padding: 8px;\n    }\n\n\n    \/* FOOTER *\/\n\n    .scp-health__footer-inner {\n        align-items: flex-start;\n\n        flex-direction: column;\n\n        gap: 7px;\n    }\n\n\n    .scp-health__footer-inner strong {\n        padding-right: 0;\n        padding-bottom: 7px;\n\n        border-right: 0;\n        border-bottom: 1px solid rgba(255,255,255,.25);\n    }\n\n}\n\n\n\n\/* ==========================================================\n   MOBILE MUY PEQUE\u00d1O\n   ========================================================== *\/\n\n@media (max-width: 380px) {\n\n    .scp-health__wrap,\n    .scp-health__reading {\n        width: calc(100% - 24px);\n    }\n\n\n    .scp-health__heading h1 {\n        font-size: 1.95rem;\n    }\n\n\n    .scp-health__section-head h2,\n    .scp-health__conclusion h2 {\n        font-size: 1.65rem;\n    }\n\n}\n<\/style>\n\n<article class=\"scp-health\" itemscope=\"\" itemtype=\"https:\/\/schema.org\/NewsArticle\">\n\n    <!-- =====================================================\n         HEADER EDITORIAL\n    ====================================================== -->\n\n    <header class=\"scp-health__header\">\n\n        <div class=\"scp-health__wrap\">\n\n            <div class=\"scp-health__topline\">\n\n                <span class=\"scp-health__section\">\n                    Comunicado\n                <\/span>\n\n                <span class=\"scp-health__date\">\n                    Asunci\u00f3n \u00b7 1 de septiembre de 2026\n                <\/span>\n\n            <\/div>\n\n\n            <div class=\"scp-health__heading\">\n\n                <p class=\"scp-health__kicker\">\n                    Sociedad de Comunicadores del Paraguay\n                <\/p>\n\n                <h1 itemprop=\"headline\">\n                    Superar calamitoso cuadro de la salud p\u00fablica\n                    no es una prioridad del gobierno nacional\n                <\/h1>\n\n                <p class=\"scp-health__lead\" itemprop=\"description\">\n                    La Sociedad de Comunicadores del Paraguay expresa su\n                    preocupaci\u00f3n ante el deterioro de la atenci\u00f3n sanitaria\n                    p\u00fablica, el desabastecimiento de medicamentos e insumos\n                    y la falta de una soluci\u00f3n consensuada al reclamo de\n                    los m\u00e9dicos organizados.\n                <\/p>\n\n            <\/div>\n\n\n            <div class=\"scp-health__meta\">\n\n                <div>\n                    <span>Organizaci\u00f3n<\/span>\n                    <strong>\n                        Sociedad de Comunicadores del Paraguay\n                    <\/strong>\n                <\/div>\n\n                <div>\n                    <span>\u00c1rea<\/span>\n                    <strong>\n                        Salud p\u00fablica\n                    <\/strong>\n                <\/div>\n\n                <div>\n                    <span>Tipo<\/span>\n                    <strong>\n                        Comunicado institucional\n                    <\/strong>\n                <\/div>\n\n            <\/div>\n\n        <\/div>\n\n    <\/header>\n\n\n\n    <!-- =====================================================\n         APERTURA\n    ====================================================== -->\n\n    <main class=\"scp-health__body\" itemprop=\"articleBody\">\n\n        <div class=\"scp-health__reading\">\n\n            <p class=\"scp-health__opening\">\n                Desde la Sociedad de Comunicadores del Paraguay (SCP)\n                expresamos nuestra indignaci\u00f3n ante el acelerado\n                empeoramiento de las atenciones a la poblaci\u00f3n en las\n                unidades de salud p\u00fablica, agravado ahora de forma\n                alarmante por la negativa del Poder Ejecutivo a encontrar\n                una r\u00e1pida soluci\u00f3n consensuada al reclamo salarial de\n                los m\u00e9dicos organizados.\n            <\/p>\n\n\n            <!-- =================================================\n                 DESTACADO 1\n            ================================================== -->\n\n            <aside class=\"scp-health__statement\">\n\n                <span class=\"scp-health__statement-label\">\n                    Posici\u00f3n de la SCP\n                <\/span>\n\n                <p>\n                    El deterioro de los servicios sanitarios no puede\n                    analizarse \u00fanicamente como un problema administrativo:\n                    afecta derechos fundamentales vinculados con la vida,\n                    la salud y la integridad de la poblaci\u00f3n.\n                <\/p>\n\n            <\/aside>\n\n\n\n            <!-- =================================================\n                 GARANT\u00cdAS\n            ================================================== -->\n\n            <section class=\"scp-health__section-block\">\n\n                <header class=\"scp-health__section-head\">\n\n                    <span>\n                        Garant\u00edas constitucionales e internacionales\n                    <\/span>\n\n                    <h2>\n                        La salud como derecho fundamental\n                    <\/h2>\n\n                <\/header>\n\n\n                <p>\n                    Esta desidia oficial en la sanidad estatal viola el\n                    <strong>Art\u00edculo 68 de la Constituci\u00f3n Nacional<\/strong>,\n                    que consagra a la salud como un derecho fundamental de\n                    la persona y de la comunidad.\n                <\/p>\n\n                <p>\n                    A la vez, la SCP sostiene que se incumplen instrumentos\n                    internacionales de la Organizaci\u00f3n de los Estados\n                    Americanos y de las Naciones Unidas vinculados con\n                    el derecho a la salud.\n                <\/p>\n\n\n                <!-- DERECHOS -->\n\n                <div class=\"scp-health__rights\">\n\n                    <article class=\"scp-health__right\">\n\n                        <span class=\"scp-health__right-index\">\n                            01\n                        <\/span>\n\n                        <div>\n\n                            <h3>\n                                Pacto Internacional de Derechos Econ\u00f3micos,\n                                Sociales y Culturales\n                            <\/h3>\n\n                            <p class=\"scp-health__right-ref\">\n                                Art\u00edculo 12\n                            <\/p>\n\n                            <p>\n                                Reconoce el derecho de toda persona al\n                                disfrute del m\u00e1s alto nivel posible de salud\n                                f\u00edsica y mental.\n                            <\/p>\n\n                            <a href=\"https:\/\/www.ohchr.org\/es\/instruments-mechanisms\/instruments\/international-covenant-economic-social-and-cultural-rights\" target=\"_blank\" rel=\"noopener noreferrer\">\n                                Consultar instrumento\n                                <span aria-hidden=\"true\">\u2197<\/span>\n                            <\/a>\n\n                        <\/div>\n\n                    <\/article>\n\n\n                    <article class=\"scp-health__right\">\n\n                        <span class=\"scp-health__right-index\">\n                            02\n                        <\/span>\n\n                        <div>\n\n                            <h3>\n                                Protocolo de San Salvador\n                            <\/h3>\n\n                            <p class=\"scp-health__right-ref\">\n                                Art\u00edculo 10\n                            <\/p>\n\n                            <p>\n                                Establece el derecho a la salud, entendida\n                                como el disfrute del m\u00e1s alto nivel de\n                                bienestar f\u00edsico, mental y social.\n                            <\/p>\n\n                        <\/div>\n\n                    <\/article>\n\n\n                    <article class=\"scp-health__right\">\n\n                        <span class=\"scp-health__right-index\">\n                            03\n                        <\/span>\n\n                        <div>\n\n                            <h3>\n                                Jurisprudencia interamericana\n                            <\/h3>\n\n                            <p>\n                                La SCP invoca jurisprudencia comparada de\n                                la Corte Interamericana de Derechos Humanos\n                                vinculada con la falta sostenida de insumos\n                                cr\u00edticos y la protecci\u00f3n de la vida y de\n                                la integridad personal.\n                            <\/p>\n\n                        <\/div>\n\n                    <\/article>\n\n                <\/div>\n\n            <\/section>\n\n\n\n            <!-- =================================================\n                 CRISIS\n            ================================================== -->\n\n            <section class=\"scp-health__section-block\">\n\n                <header class=\"scp-health__section-head\">\n\n                    <span>\n                        Crisis sanitaria\n                    <\/span>\n\n                    <h2>\n                        Medicamentos, equipos y el creciente\n                        \u201cgasto de bolsillo\u201d\n                    <\/h2>\n\n                <\/header>\n\n                <p>\n                    La carencia cr\u00edtica de medicamentos y de equipos\n                    m\u00e9dicos modernos en los centros p\u00fablicos arrastra\n                    al colapso hasta al propio sistema unificado de salud,\n                    que incluye al Hospital de Cl\u00ednicas y al IPS.\n                <\/p>\n\n                <p>\n                    La imposici\u00f3n de un devastador e injusto\n                    <strong>\u201cgasto de bolsillo\u201d<\/strong> para la compra de\n                    f\u00e1rmacos y descartables b\u00e1sicos representa, seg\u00fan la\n                    SCP, una vulneraci\u00f3n que afecta especialmente a pacientes\n                    con enfermedades catastr\u00f3ficas y a sus familias.\n                <\/p>\n\n            <\/section>\n\n\n\n            <!-- =================================================\n                 GRAN DESTACADO\n            ================================================== -->\n\n            <aside class=\"scp-health__big-quote\">\n\n                <span>\n                    Un problema de prioridades p\u00fablicas\n                <\/span>\n\n                <p>\n                    El despilfarro de fondos p\u00fablicos destinado a salarios\n                    millonarios prebendarios, en desmedro de una inversi\u00f3n\n                    sanitaria integral, demuestra que la salud de la poblaci\u00f3n\n                    no constituye una prioridad nacional.\n                <\/p>\n\n            <\/aside>\n\n\n\n            <!-- =================================================\n                 INFRAESTRUCTURA\n            ================================================== -->\n\n            <section class=\"scp-health__section-block\">\n\n                <header class=\"scp-health__section-head\">\n\n                    <span>\n                        Infraestructura sanitaria\n                    <\/span>\n\n                    <h2>\n                        Construir hospitales no basta\n                    <\/h2>\n\n                <\/header>\n\n                <p>\n                    La construcci\u00f3n de solo suntuosos nuevos hospitales\n                    no constituye por s\u00ed misma una soluci\u00f3n para la crisis\n                    de la salud p\u00fablica.\n                <\/p>\n\n                <p>\n                    De poco sirven nuevas estructuras edilicias si estas\n                    carecen de especialistas y si el resto de las unidades\n                    sanitarias contin\u00faa enfrentando graves deficiencias en\n                    equipamiento, insumos y medicamentos.\n                <\/p>\n\n            <\/section>\n\n\n\n            <!-- =================================================\n                 CIERRE\n            ================================================== -->\n\n            <section class=\"scp-health__conclusion\">\n\n                <span class=\"scp-health__conclusion-label\">\n                    Posici\u00f3n institucional\n                <\/span>\n\n                <h2>\n                    El Estado debe priorizar la vida y la integridad\n                    de sus habitantes\n                <\/h2>\n\n                <p>\n                    La indiferencia gubernamental frente al paro m\u00e9dico y\n                    el desabastecimiento hospitalario contrasta con la\n                    obligaci\u00f3n del Estado de velar prioritariamente por\n                    la vida, la salud y la integridad f\u00edsica de la poblaci\u00f3n.\n                <\/p>\n\n                <div class=\"scp-health__signature\">\n\n                    <span>\n                        Asunci\u00f3n, 1 de septiembre de 2026\n                    <\/span>\n\n                    <strong>\n                        Sociedad de Comunicadores del Paraguay (SCP)\n                    <\/strong>\n\n                <\/div>\n\n            <\/section>\n\n        <\/div>\n\n\n\n        <!-- =====================================================\n             GALER\u00cdA DEL COMUNICADO\n        ====================================================== -->\n\n        <section class=\"scp-health__visual\">\n\n            <div class=\"scp-health__wrap\">\n\n                <header class=\"scp-health__visual-head\">\n\n                    <div>\n\n                        <span>\n                            Documento visual\n                        <\/span>\n\n                        <h2>\n                            Comunicado completo de la SCP\n                        <\/h2>\n\n                    <\/div>\n\n                    <p>\n                        Versi\u00f3n gr\u00e1fica del comunicado institucional,\n                        distribuida en cuatro partes.\n                    <\/p>\n\n                <\/header>\n\n\n                <div class=\"scp-health__gallery\">\n\n\n                    <!-- PARTE 1 -->\n\n                    <figure class=\"scp-health__gallery-item\">\n\n                        <a href=\"https:\/\/comunicadores.org.py\/wp-content\/uploads\/2026\/09\/1-Salud-publica.jpeg\">\n\n                            <img decoding=\"async\" src=\"https:\/\/comunicadores.org.py\/wp-content\/uploads\/2026\/09\/1-Salud-publica.jpeg\" loading=\"lazy\">\n\n                        <\/a>\n\n                        <figcaption>\n                            Parte 1 de 4\n                        <\/figcaption>\n\n                    <\/figure>\n\n\n                    <!-- PARTE 2 -->\n\n                    <figure class=\"scp-health__gallery-item\">\n\n                        <a href=\"\/wp-content\/uploads\/2026\/09\/2-salud-publica.jpeg\" target=\"_blank\" rel=\"noopener\">\n\n                            <img decoding=\"async\" src=\"https:\/\/comunicadores.org.py\/wp-content\/uploads\/2026\/09\/2-Salud-publica.jpeg\" loading=\"lazy\">\n\n                        <\/a>\n\n                        <figcaption>\n                            Parte 2 de 4\n                        <\/figcaption>\n\n                    <\/figure>\n\n\n                    <!-- PARTE 3 -->\n\n                    <figure class=\"scp-health__gallery-item\">\n\n                        <a href=\"\/wp-content\/uploads\/2026\/09\/3-salud-publica.jpeg\" target=\"_blank\" rel=\"noopener\">\n\n                            <img decoding=\"async\" src=\"https:\/\/comunicadores.org.py\/wp-content\/uploads\/2026\/09\/3-Salud-publica.jpeg\" loading=\"lazy\">\n\n                        <\/a>\n\n                        <figcaption>\n                            Parte 3 de 4\n                        <\/figcaption>\n\n                    <\/figure>\n\n\n                    <!-- PARTE 4 -->\n\n                    <figure class=\"scp-health__gallery-item\">\n\n                        <a href=\"\/wp-content\/uploads\/2026\/09\/4-salud-publica.jpeg\" target=\"_blank\" rel=\"noopener\">\n\n                            <img decoding=\"async\" src=\"https:\/\/comunicadores.org.py\/wp-content\/uploads\/2026\/09\/4-Salud-publica.jpeg\" loading=\"lazy\">\n\n                        <\/a>\n\n                        <figcaption>\n                            Parte 4 de 4\n                        <\/figcaption>\n\n                    <\/figure>\n\n                <\/div>\n\n            <\/div>\n\n        <\/section>\n\n    <\/main>\n","protected":false},"excerpt":{"rendered":"<p>Comunicado Asunci\u00f3n \u00b7 1 de septiembre de 2026 Sociedad de Comunicadores del Paraguay Superar calamitoso cuadro de la salud p\u00fablica no es una prioridad del gobierno nacional La Sociedad de Comunicadores del Paraguay expresa su preocupaci\u00f3n ante el deterioro de la atenci\u00f3n sanitaria p\u00fablica, el desabastecimiento de medicamentos e insumos y la falta de una soluci\u00f3n consensuada al reclamo de los m\u00e9dicos organizados. Organizaci\u00f3n Sociedad de Comunicadores&hellip;<\/p>\n","protected":false},"author":1,"featured_media":435,"comment_status":"open","ping_status":"closed","sticky":true,"template":"","format":"standard","meta":{"footnotes":""},"categories":[3,5],"tags":[],"class_list":["post-428","post","type-post","status-publish","format-standard","has-post-thumbnail","hentry","category-investigacion","category-noticias"],"yoast_head":"<!-- This site is optimized with the Yoast SEO plugin v28.4 - https:\/\/yoast.com\/product\/yoast-seo-wordpress\/ -->\n<title>Superar calamitoso cuadro de la salud p\u00fablica no es una prioridad del gobierno nacional - Comunicadores<\/title>\n<meta name=\"robots\" content=\"index, follow, max-snippet:-1, max-image-preview:large, max-video-preview:-1\" \/>\n<link rel=\"canonical\" href=\"https:\/\/comunicadores.org.py\/index.php\/2026\/09\/01\/superar-calamitoso-cuadro-de-la-salud-publica-no-es-una-prioridad-del-gobierno-nacional\/investigacion\/\" \/>\n<meta property=\"og:locale\" content=\"es_ES\" \/>\n<meta property=\"og:type\" content=\"article\" \/>\n<meta property=\"og:title\" content=\"Superar calamitoso cuadro de la salud p\u00fablica no es una prioridad del gobierno nacional - Comunicadores\" \/>\n<meta property=\"og:description\" content=\"Comunicado Asunci\u00f3n \u00b7 1 de septiembre de 2026 Sociedad de Comunicadores del Paraguay Superar calamitoso cuadro de la salud p\u00fablica no es una prioridad del gobierno nacional La Sociedad de Comunicadores del Paraguay expresa su preocupaci\u00f3n ante el deterioro de la atenci\u00f3n sanitaria p\u00fablica, el desabastecimiento de medicamentos e insumos y la falta de una soluci\u00f3n consensuada al reclamo de los m\u00e9dicos organizados. Organizaci\u00f3n Sociedad de Comunicadores&hellip;\" \/>\n<meta property=\"og:url\" content=\"https:\/\/comunicadores.org.py\/index.php\/2026\/09\/01\/superar-calamitoso-cuadro-de-la-salud-publica-no-es-una-prioridad-del-gobierno-nacional\/investigacion\/\" \/>\n<meta property=\"og:site_name\" content=\"Comunicadores\" \/>\n<meta property=\"article:publisher\" content=\"https:\/\/www.facebook.com\/comunicadorespy\" \/>\n<meta property=\"article:published_time\" content=\"2026-09-01T19:07:24+00:00\" \/>\n<meta property=\"article:modified_time\" content=\"2026-09-01T21:48:33+00:00\" \/>\n<meta property=\"og:image\" content=\"https:\/\/comunicadores.org.py\/wp-content\/uploads\/2026\/09\/salud-en-peligro.png\" \/>\n\t<meta property=\"og:image:width\" content=\"900\" \/>\n\t<meta property=\"og:image:height\" content=\"900\" \/>\n\t<meta property=\"og:image:type\" content=\"image\/png\" \/>\n<meta name=\"author\" content=\"admin_comunica\" \/>\n<meta name=\"twitter:card\" content=\"summary_large_image\" \/>\n<meta name=\"twitter:creator\" content=\"@sociedadcomupy\" \/>\n<meta name=\"twitter:site\" content=\"@sociedadcomupy\" \/>\n<meta name=\"twitter:label1\" content=\"Escrito por\" \/>\n\t<meta name=\"twitter:data1\" content=\"admin_comunica\" \/>\n\t<meta name=\"twitter:label2\" content=\"Tiempo de lectura\" \/>\n\t<meta name=\"twitter:data2\" content=\"4 minutos\" \/>\n<script type=\"application\/ld+json\" class=\"yoast-schema-graph\">{\"@context\":\"https:\\\/\\\/schema.org\",\"@graph\":[{\"@type\":\"Article\",\"@id\":\"https:\\\/\\\/comunicadores.org.py\\\/index.php\\\/2026\\\/09\\\/01\\\/superar-calamitoso-cuadro-de-la-salud-publica-no-es-una-prioridad-del-gobierno-nacional\\\/investigacion\\\/#article\",\"isPartOf\":{\"@id\":\"https:\\\/\\\/comunicadores.org.py\\\/index.php\\\/2026\\\/09\\\/01\\\/superar-calamitoso-cuadro-de-la-salud-publica-no-es-una-prioridad-del-gobierno-nacional\\\/investigacion\\\/\"},\"author\":{\"name\":\"admin_comunica\",\"@id\":\"https:\\\/\\\/comunicadores.org.py\\\/#\\\/schema\\\/person\\\/b0338d725933923bbad77a228e81e015\"},\"headline\":\"Superar calamitoso cuadro de la salud p\u00fablica no es una prioridad del gobierno nacional\",\"datePublished\":\"2026-09-01T19:07:24+00:00\",\"dateModified\":\"2026-09-01T21:48:33+00:00\",\"mainEntityOfPage\":{\"@id\":\"https:\\\/\\\/comunicadores.org.py\\\/index.php\\\/2026\\\/09\\\/01\\\/superar-calamitoso-cuadro-de-la-salud-publica-no-es-una-prioridad-del-gobierno-nacional\\\/investigacion\\\/\"},\"wordCount\":631,\"commentCount\":0,\"publisher\":{\"@id\":\"https:\\\/\\\/comunicadores.org.py\\\/#organization\"},\"image\":{\"@id\":\"https:\\\/\\\/comunicadores.org.py\\\/index.php\\\/2026\\\/09\\\/01\\\/superar-calamitoso-cuadro-de-la-salud-publica-no-es-una-prioridad-del-gobierno-nacional\\\/investigacion\\\/#primaryimage\"},\"thumbnailUrl\":\"https:\\\/\\\/comunicadores.org.py\\\/wp-content\\\/uploads\\\/2026\\\/09\\\/salud-en-peligro.png\",\"articleSection\":[\"Investigaci\u00f3n\",\"Noticias\"],\"inLanguage\":\"es\",\"potentialAction\":[{\"@type\":\"CommentAction\",\"name\":\"Comment\",\"target\":[\"https:\\\/\\\/comunicadores.org.py\\\/index.php\\\/2026\\\/09\\\/01\\\/superar-calamitoso-cuadro-de-la-salud-publica-no-es-una-prioridad-del-gobierno-nacional\\\/investigacion\\\/#respond\"]}]},{\"@type\":\"WebPage\",\"@id\":\"https:\\\/\\\/comunicadores.org.py\\\/index.php\\\/2026\\\/09\\\/01\\\/superar-calamitoso-cuadro-de-la-salud-publica-no-es-una-prioridad-del-gobierno-nacional\\\/investigacion\\\/\",\"url\":\"https:\\\/\\\/comunicadores.org.py\\\/index.php\\\/2026\\\/09\\\/01\\\/superar-calamitoso-cuadro-de-la-salud-publica-no-es-una-prioridad-del-gobierno-nacional\\\/investigacion\\\/\",\"name\":\"Superar calamitoso cuadro de la salud p\u00fablica no es una prioridad del gobierno nacional - Comunicadores\",\"isPartOf\":{\"@id\":\"https:\\\/\\\/comunicadores.org.py\\\/#website\"},\"primaryImageOfPage\":{\"@id\":\"https:\\\/\\\/comunicadores.org.py\\\/index.php\\\/2026\\\/09\\\/01\\\/superar-calamitoso-cuadro-de-la-salud-publica-no-es-una-prioridad-del-gobierno-nacional\\\/investigacion\\\/#primaryimage\"},\"image\":{\"@id\":\"https:\\\/\\\/comunicadores.org.py\\\/index.php\\\/2026\\\/09\\\/01\\\/superar-calamitoso-cuadro-de-la-salud-publica-no-es-una-prioridad-del-gobierno-nacional\\\/investigacion\\\/#primaryimage\"},\"thumbnailUrl\":\"https:\\\/\\\/comunicadores.org.py\\\/wp-content\\\/uploads\\\/2026\\\/09\\\/salud-en-peligro.png\",\"datePublished\":\"2026-09-01T19:07:24+00:00\",\"dateModified\":\"2026-09-01T21:48:33+00:00\",\"breadcrumb\":{\"@id\":\"https:\\\/\\\/comunicadores.org.py\\\/index.php\\\/2026\\\/09\\\/01\\\/superar-calamitoso-cuadro-de-la-salud-publica-no-es-una-prioridad-del-gobierno-nacional\\\/investigacion\\\/#breadcrumb\"},\"inLanguage\":\"es\",\"potentialAction\":[{\"@type\":\"ReadAction\",\"target\":[\"https:\\\/\\\/comunicadores.org.py\\\/index.php\\\/2026\\\/09\\\/01\\\/superar-calamitoso-cuadro-de-la-salud-publica-no-es-una-prioridad-del-gobierno-nacional\\\/investigacion\\\/\"]}]},{\"@type\":\"ImageObject\",\"inLanguage\":\"es\",\"@id\":\"https:\\\/\\\/comunicadores.org.py\\\/index.php\\\/2026\\\/09\\\/01\\\/superar-calamitoso-cuadro-de-la-salud-publica-no-es-una-prioridad-del-gobierno-nacional\\\/investigacion\\\/#primaryimage\",\"url\":\"https:\\\/\\\/comunicadores.org.py\\\/wp-content\\\/uploads\\\/2026\\\/09\\\/salud-en-peligro.png\",\"contentUrl\":\"https:\\\/\\\/comunicadores.org.py\\\/wp-content\\\/uploads\\\/2026\\\/09\\\/salud-en-peligro.png\",\"width\":900,\"height\":900},{\"@type\":\"BreadcrumbList\",\"@id\":\"https:\\\/\\\/comunicadores.org.py\\\/index.php\\\/2026\\\/09\\\/01\\\/superar-calamitoso-cuadro-de-la-salud-publica-no-es-una-prioridad-del-gobierno-nacional\\\/investigacion\\\/#breadcrumb\",\"itemListElement\":[{\"@type\":\"ListItem\",\"position\":1,\"name\":\"Portada\",\"item\":\"https:\\\/\\\/comunicadores.org.py\\\/\"},{\"@type\":\"ListItem\",\"position\":2,\"name\":\"Superar calamitoso cuadro de la salud p\u00fablica no es una prioridad del gobierno nacional\"}]},{\"@type\":\"WebSite\",\"@id\":\"https:\\\/\\\/comunicadores.org.py\\\/#website\",\"url\":\"https:\\\/\\\/comunicadores.org.py\\\/\",\"name\":\"Comunicadores\",\"description\":\"\",\"publisher\":{\"@id\":\"https:\\\/\\\/comunicadores.org.py\\\/#organization\"},\"potentialAction\":[{\"@type\":\"SearchAction\",\"target\":{\"@type\":\"EntryPoint\",\"urlTemplate\":\"https:\\\/\\\/comunicadores.org.py\\\/?s={search_term_string}\"},\"query-input\":{\"@type\":\"PropertyValueSpecification\",\"valueRequired\":true,\"valueName\":\"search_term_string\"}}],\"inLanguage\":\"es\"},{\"@type\":\"Organization\",\"@id\":\"https:\\\/\\\/comunicadores.org.py\\\/#organization\",\"name\":\"Sociedad de Comunicadores del Paraguay\",\"url\":\"https:\\\/\\\/comunicadores.org.py\\\/\",\"logo\":{\"@type\":\"ImageObject\",\"inLanguage\":\"es\",\"@id\":\"https:\\\/\\\/comunicadores.org.py\\\/#\\\/schema\\\/logo\\\/image\\\/\",\"url\":\"https:\\\/\\\/comunicadores.org.py\\\/wp-content\\\/uploads\\\/2025\\\/02\\\/cropped-logocanva.png\",\"contentUrl\":\"https:\\\/\\\/comunicadores.org.py\\\/wp-content\\\/uploads\\\/2025\\\/02\\\/cropped-logocanva.png\",\"width\":289,\"height\":85,\"caption\":\"Sociedad de Comunicadores del Paraguay\"},\"image\":{\"@id\":\"https:\\\/\\\/comunicadores.org.py\\\/#\\\/schema\\\/logo\\\/image\\\/\"},\"sameAs\":[\"https:\\\/\\\/www.facebook.com\\\/comunicadorespy\",\"https:\\\/\\\/x.com\\\/sociedadcomupy\",\"https:\\\/\\\/www.instagram.com\\\/sociedad_comunicadoresdelpy\\\/\"]},{\"@type\":\"Person\",\"@id\":\"https:\\\/\\\/comunicadores.org.py\\\/#\\\/schema\\\/person\\\/b0338d725933923bbad77a228e81e015\",\"name\":\"admin_comunica\",\"image\":{\"@type\":\"ImageObject\",\"inLanguage\":\"es\",\"@id\":\"https:\\\/\\\/secure.gravatar.com\\\/avatar\\\/812fc0fe2587f33527906f9ce143d8a7d91a76316f8611505e24baad7a98db69?s=96&d=mm&r=g\",\"url\":\"https:\\\/\\\/secure.gravatar.com\\\/avatar\\\/812fc0fe2587f33527906f9ce143d8a7d91a76316f8611505e24baad7a98db69?s=96&d=mm&r=g\",\"contentUrl\":\"https:\\\/\\\/secure.gravatar.com\\\/avatar\\\/812fc0fe2587f33527906f9ce143d8a7d91a76316f8611505e24baad7a98db69?s=96&d=mm&r=g\",\"caption\":\"admin_comunica\"},\"sameAs\":[\"https:\\\/\\\/comunicadores.org.py\"],\"url\":\"https:\\\/\\\/comunicadores.org.py\\\/index.php\\\/author\\\/admin_comunica\\\/\"}]}<\/script>\n<!-- \/ Yoast SEO plugin. -->","yoast_head_json":{"title":"Superar calamitoso cuadro de la salud p\u00fablica no es una prioridad del gobierno nacional - Comunicadores","robots":{"index":"index","follow":"follow","max-snippet":"max-snippet:-1","max-image-preview":"max-image-preview:large","max-video-preview":"max-video-preview:-1"},"canonical":"https:\/\/comunicadores.org.py\/index.php\/2026\/09\/01\/superar-calamitoso-cuadro-de-la-salud-publica-no-es-una-prioridad-del-gobierno-nacional\/investigacion\/","og_locale":"es_ES","og_type":"article","og_title":"Superar calamitoso cuadro de la salud p\u00fablica no es una prioridad del gobierno nacional - Comunicadores","og_description":"Comunicado Asunci\u00f3n \u00b7 1 de septiembre de 2026 Sociedad de Comunicadores del Paraguay Superar calamitoso cuadro de la salud p\u00fablica no es una prioridad del gobierno nacional La Sociedad de Comunicadores del Paraguay expresa su preocupaci\u00f3n ante el deterioro de la atenci\u00f3n sanitaria p\u00fablica, el desabastecimiento de medicamentos e insumos y la falta de una soluci\u00f3n consensuada al reclamo de los m\u00e9dicos organizados. Organizaci\u00f3n Sociedad de Comunicadores&hellip;","og_url":"https:\/\/comunicadores.org.py\/index.php\/2026\/09\/01\/superar-calamitoso-cuadro-de-la-salud-publica-no-es-una-prioridad-del-gobierno-nacional\/investigacion\/","og_site_name":"Comunicadores","article_publisher":"https:\/\/www.facebook.com\/comunicadorespy","article_published_time":"2026-09-01T19:07:24+00:00","article_modified_time":"2026-09-01T21:48:33+00:00","og_image":[{"width":900,"height":900,"url":"https:\/\/comunicadores.org.py\/wp-content\/uploads\/2026\/09\/salud-en-peligro.png","type":"image\/png"}],"author":"admin_comunica","twitter_card":"summary_large_image","twitter_creator":"@sociedadcomupy","twitter_site":"@sociedadcomupy","twitter_misc":{"Escrito por":"admin_comunica","Tiempo de lectura":"4 minutos"},"schema":{"@context":"https:\/\/schema.org","@graph":[{"@type":"Article","@id":"https:\/\/comunicadores.org.py\/index.php\/2026\/09\/01\/superar-calamitoso-cuadro-de-la-salud-publica-no-es-una-prioridad-del-gobierno-nacional\/investigacion\/#article","isPartOf":{"@id":"https:\/\/comunicadores.org.py\/index.php\/2026\/09\/01\/superar-calamitoso-cuadro-de-la-salud-publica-no-es-una-prioridad-del-gobierno-nacional\/investigacion\/"},"author":{"name":"admin_comunica","@id":"https:\/\/comunicadores.org.py\/#\/schema\/person\/b0338d725933923bbad77a228e81e015"},"headline":"Superar calamitoso cuadro de la salud p\u00fablica no es una prioridad del gobierno nacional","datePublished":"2026-09-01T19:07:24+00:00","dateModified":"2026-09-01T21:48:33+00:00","mainEntityOfPage":{"@id":"https:\/\/comunicadores.org.py\/index.php\/2026\/09\/01\/superar-calamitoso-cuadro-de-la-salud-publica-no-es-una-prioridad-del-gobierno-nacional\/investigacion\/"},"wordCount":631,"commentCount":0,"publisher":{"@id":"https:\/\/comunicadores.org.py\/#organization"},"image":{"@id":"https:\/\/comunicadores.org.py\/index.php\/2026\/09\/01\/superar-calamitoso-cuadro-de-la-salud-publica-no-es-una-prioridad-del-gobierno-nacional\/investigacion\/#primaryimage"},"thumbnailUrl":"https:\/\/comunicadores.org.py\/wp-content\/uploads\/2026\/09\/salud-en-peligro.png","articleSection":["Investigaci\u00f3n","Noticias"],"inLanguage":"es","potentialAction":[{"@type":"CommentAction","name":"Comment","target":["https:\/\/comunicadores.org.py\/index.php\/2026\/09\/01\/superar-calamitoso-cuadro-de-la-salud-publica-no-es-una-prioridad-del-gobierno-nacional\/investigacion\/#respond"]}]},{"@type":"WebPage","@id":"https:\/\/comunicadores.org.py\/index.php\/2026\/09\/01\/superar-calamitoso-cuadro-de-la-salud-publica-no-es-una-prioridad-del-gobierno-nacional\/investigacion\/","url":"https:\/\/comunicadores.org.py\/index.php\/2026\/09\/01\/superar-calamitoso-cuadro-de-la-salud-publica-no-es-una-prioridad-del-gobierno-nacional\/investigacion\/","name":"Superar calamitoso cuadro de la salud p\u00fablica no es una prioridad del gobierno nacional - Comunicadores","isPartOf":{"@id":"https:\/\/comunicadores.org.py\/#website"},"primaryImageOfPage":{"@id":"https:\/\/comunicadores.org.py\/index.php\/2026\/09\/01\/superar-calamitoso-cuadro-de-la-salud-publica-no-es-una-prioridad-del-gobierno-nacional\/investigacion\/#primaryimage"},"image":{"@id":"https:\/\/comunicadores.org.py\/index.php\/2026\/09\/01\/superar-calamitoso-cuadro-de-la-salud-publica-no-es-una-prioridad-del-gobierno-nacional\/investigacion\/#primaryimage"},"thumbnailUrl":"https:\/\/comunicadores.org.py\/wp-content\/uploads\/2026\/09\/salud-en-peligro.png","datePublished":"2026-09-01T19:07:24+00:00","dateModified":"2026-09-01T21:48:33+00:00","breadcrumb":{"@id":"https:\/\/comunicadores.org.py\/index.php\/2026\/09\/01\/superar-calamitoso-cuadro-de-la-salud-publica-no-es-una-prioridad-del-gobierno-nacional\/investigacion\/#breadcrumb"},"inLanguage":"es","potentialAction":[{"@type":"ReadAction","target":["https:\/\/comunicadores.org.py\/index.php\/2026\/09\/01\/superar-calamitoso-cuadro-de-la-salud-publica-no-es-una-prioridad-del-gobierno-nacional\/investigacion\/"]}]},{"@type":"ImageObject","inLanguage":"es","@id":"https:\/\/comunicadores.org.py\/index.php\/2026\/09\/01\/superar-calamitoso-cuadro-de-la-salud-publica-no-es-una-prioridad-del-gobierno-nacional\/investigacion\/#primaryimage","url":"https:\/\/comunicadores.org.py\/wp-content\/uploads\/2026\/09\/salud-en-peligro.png","contentUrl":"https:\/\/comunicadores.org.py\/wp-content\/uploads\/2026\/09\/salud-en-peligro.png","width":900,"height":900},{"@type":"BreadcrumbList","@id":"https:\/\/comunicadores.org.py\/index.php\/2026\/09\/01\/superar-calamitoso-cuadro-de-la-salud-publica-no-es-una-prioridad-del-gobierno-nacional\/investigacion\/#breadcrumb","itemListElement":[{"@type":"ListItem","position":1,"name":"Portada","item":"https:\/\/comunicadores.org.py\/"},{"@type":"ListItem","position":2,"name":"Superar calamitoso cuadro de la salud p\u00fablica no es una prioridad del gobierno nacional"}]},{"@type":"WebSite","@id":"https:\/\/comunicadores.org.py\/#website","url":"https:\/\/comunicadores.org.py\/","name":"Comunicadores","description":"","publisher":{"@id":"https:\/\/comunicadores.org.py\/#organization"},"potentialAction":[{"@type":"SearchAction","target":{"@type":"EntryPoint","urlTemplate":"https:\/\/comunicadores.org.py\/?s={search_term_string}"},"query-input":{"@type":"PropertyValueSpecification","valueRequired":true,"valueName":"search_term_string"}}],"inLanguage":"es"},{"@type":"Organization","@id":"https:\/\/comunicadores.org.py\/#organization","name":"Sociedad de Comunicadores del Paraguay","url":"https:\/\/comunicadores.org.py\/","logo":{"@type":"ImageObject","inLanguage":"es","@id":"https:\/\/comunicadores.org.py\/#\/schema\/logo\/image\/","url":"https:\/\/comunicadores.org.py\/wp-content\/uploads\/2025\/02\/cropped-logocanva.png","contentUrl":"https:\/\/comunicadores.org.py\/wp-content\/uploads\/2025\/02\/cropped-logocanva.png","width":289,"height":85,"caption":"Sociedad de Comunicadores del Paraguay"},"image":{"@id":"https:\/\/comunicadores.org.py\/#\/schema\/logo\/image\/"},"sameAs":["https:\/\/www.facebook.com\/comunicadorespy","https:\/\/x.com\/sociedadcomupy","https:\/\/www.instagram.com\/sociedad_comunicadoresdelpy\/"]},{"@type":"Person","@id":"https:\/\/comunicadores.org.py\/#\/schema\/person\/b0338d725933923bbad77a228e81e015","name":"admin_comunica","image":{"@type":"ImageObject","inLanguage":"es","@id":"https:\/\/secure.gravatar.com\/avatar\/812fc0fe2587f33527906f9ce143d8a7d91a76316f8611505e24baad7a98db69?s=96&d=mm&r=g","url":"https:\/\/secure.gravatar.com\/avatar\/812fc0fe2587f33527906f9ce143d8a7d91a76316f8611505e24baad7a98db69?s=96&d=mm&r=g","contentUrl":"https:\/\/secure.gravatar.com\/avatar\/812fc0fe2587f33527906f9ce143d8a7d91a76316f8611505e24baad7a98db69?s=96&d=mm&r=g","caption":"admin_comunica"},"sameAs":["https:\/\/comunicadores.org.py"],"url":"https:\/\/comunicadores.org.py\/index.php\/author\/admin_comunica\/"}]}},"_links":{"self":[{"href":"https:\/\/comunicadores.org.py\/index.php\/wp-json\/wp\/v2\/posts\/428","targetHints":{"allow":["GET"]}}],"collection":[{"href":"https:\/\/comunicadores.org.py\/index.php\/wp-json\/wp\/v2\/posts"}],"about":[{"href":"https:\/\/comunicadores.org.py\/index.php\/wp-json\/wp\/v2\/types\/post"}],"author":[{"embeddable":true,"href":"https:\/\/comunicadores.org.py\/index.php\/wp-json\/wp\/v2\/users\/1"}],"replies":[{"embeddable":true,"href":"https:\/\/comunicadores.org.py\/index.php\/wp-json\/wp\/v2\/comments?post=428"}],"version-history":[{"count":2,"href":"https:\/\/comunicadores.org.py\/index.php\/wp-json\/wp\/v2\/posts\/428\/revisions"}],"predecessor-version":[{"id":434,"href":"https:\/\/comunicadores.org.py\/index.php\/wp-json\/wp\/v2\/posts\/428\/revisions\/434"}],"wp:featuredmedia":[{"embeddable":true,"href":"https:\/\/comunicadores.org.py\/index.php\/wp-json\/wp\/v2\/media\/435"}],"wp:attachment":[{"href":"https:\/\/comunicadores.org.py\/index.php\/wp-json\/wp\/v2\/media?parent=428"}],"wp:term":[{"taxonomy":"category","embeddable":true,"href":"https:\/\/comunicadores.org.py\/index.php\/wp-json\/wp\/v2\/categories?post=428"},{"taxonomy":"post_tag","embeddable":true,"href":"https:\/\/comunicadores.org.py\/index.php\/wp-json\/wp\/v2\/tags?post=428"}],"curies":[{"name":"wp","href":"https:\/\/api.w.org\/{rel}","templated":true}]}}